{"id":565,"date":"2022-07-27T15:21:57","date_gmt":"2022-07-27T13:21:57","guid":{"rendered":"https:\/\/questionna.com\/2022\/07\/27\/el-tribunal-constitucional-avala-el-derecho-al-olvido-en-internet\/"},"modified":"2022-07-27T15:21:57","modified_gmt":"2022-07-27T13:21:57","slug":"el-tribunal-constitucional-avala-el-derecho-al-olvido-en-internet","status":"publish","type":"post","link":"https:\/\/questionna.com\/en\/blog\/el-tribunal-constitucional-avala-el-derecho-al-olvido-en-internet\/","title":{"rendered":"El Tribunal Constitucional avala el derecho al olvido en Internet"},"content":{"rendered":"<p>El <a href=\"https:\/\/www.tribunalconstitucional.es\/es\/Paginas\/default.aspx\">Tribunal Constitucional<\/a> avala el derecho al olvido en Internet. Este reconocimiento lo hace declarando inconstitucionales las resoluciones que vulneraron el derecho a la protecci\u00f3n de datos personales en el seno de Internet. Seg\u00fan la sentencia, la resoluci\u00f3n del Tribunal Supremo, que confirmaba otra anterior de la Audiencia Provincial, vulneraron dicho derecho a la protecci\u00f3n de datos. Estas dos sentencias anulaban a su vez la resoluci\u00f3n de la AEPD que ampar\u00f3 al recurrente en su solicitud de supresi\u00f3n de datos. En concreto, se trata de un pronunciamiento sobre el recurso de un comerciante, que solicit\u00f3 la retirada de unas afirmaciones descalificatorias de su actividad profesional. Estas afirmaciones estaban publicados por terceros en p\u00e1ginas web de quejas en Estados Unidos a las que se pod\u00eda acceder desde Espa\u00f1a.<\/p>\n<p>Para argumentar el sentido de la sentencia, el magistrado Ricardo Enr\u00edquez Sancho invoca la demanda a dos importantes derechos de nuestro marco jur\u00eddico. En primer lugar, el derecho a la protecci\u00f3n de datos del art\u00edculo 18.4 de la Constituci\u00f3n. Y en segundo lugar, el derecho a la supresi\u00f3n de datos del art\u00edculo 17 del RGPD de la Uni\u00f3n Europea. As\u00ed, este pronunciamiento habilita la limitaci\u00f3n de la violencia verbal ejercida en internet. Esta violencia verbal contra los usuarios motivan que se vea vulnerado su derecho al honor, a la intimidad y a la imagen.<\/p>\n<p>Adem\u00e1s, la sentencia incide en la responsabilidad de los motores de b\u00fasqueda, que habilitan este tipo de &#8220;agresiones verbales&#8221;. Esto es as\u00ed ya que las entidades que est\u00e1n detr\u00e1s de estos motores de b\u00fasqueda perjudicaron con su inacci\u00f3n al denunciante. La informaci\u00f3n que albergaban incumpl\u00eda la normativa espa\u00f1ola y europea. El pronunciamiento viene a recordar la doctrina sobre el reconocimiento del derecho al olvido. Esta doctrina fija los l\u00edmites del derecho al olvido, que entra en important\u00edsima relaci\u00f3n con el elemento de la importancia p\u00fablica de la informaci\u00f3n y el de su antig\u00fcedad.<\/p>\n<p>En este sentido, en el presente caso considera que se ha vulnerado el derecho fundamental del recurrente, puesto que los comentarios de descalificaci\u00f3n de su actividad profesional no cumpl\u00edan los par\u00e1metros de inter\u00e9s p\u00fablico. Adem\u00e1s de esto, se trataba de una informaci\u00f3n que carec\u00eda de actualidad y que por tanto no justificaba el mantenimiento de los enlaces para acceder a ella.<\/p>\n<p>A pesar de esto, las sentencias de la Audiencia Nacional as\u00ed como la del Tribunal Supremo negaron al recurrente que prevaleciera su derecho al olvido. Ahora, con esta sentencia el Tribunal Constitucional avala el derecho al olvido en Internet y lo apuntala de cara a posibles infracciones que se produzcan en el futuro.<\/p>\n","protected":false},"excerpt":{"rendered":"<p>El Tribunal Constitucional avala el derecho al olvido en Internet. Este reconocimiento lo hace declarando inconstitucionales las resoluciones que vulneraron el derecho a la protecci\u00f3n de datos personales en el seno de Internet. Seg\u00fan la sentencia, la resoluci\u00f3n del Tribunal Supremo, que confirmaba otra anterior de la Audiencia Provincial, vulneraron dicho derecho a la protecci\u00f3n [&hellip;]<\/p>\n","protected":false},"author":6,"featured_media":566,"comment_status":"open","ping_status":"open","sticky":false,"template":"","format":"standard","meta":{"footnotes":""},"categories":[23],"tags":[9,58,10,217,44,218,13,15,16,219,75,220],"class_list":["post-565","post","type-post","status-publish","format-standard","has-post-thumbnail","hentry","category-noticias","tag-abogado","tag-abogado-del-entretenimiento","tag-abogados","tag-aepd","tag-derecho","tag-derecho-al-olvido","tag-derecho-del-entretenimiento","tag-entertainment-law","tag-entretenimiento","tag-gdpr","tag-google","tag-rgpd"],"yoast_head":"<!-- This site is optimized with the Yoast SEO plugin v27.5 - https:\/\/yoast.com\/product\/yoast-seo-wordpress\/ -->\n<title>El Tribunal Constitucional avala el derecho al olvido en Internet - Questionna<\/title>\n<meta name=\"robots\" content=\"index, follow, max-snippet:-1, max-image-preview:large, max-video-preview:-1\" \/>\n<link rel=\"canonical\" href=\"https:\/\/questionna.com\/blog\/el-tribunal-constitucional-avala-el-derecho-al-olvido-en-internet\/\" \/>\n<meta property=\"og:locale\" content=\"en_US\" \/>\n<meta property=\"og:type\" content=\"article\" \/>\n<meta property=\"og:title\" content=\"El Tribunal Constitucional avala el derecho al olvido en Internet - Questionna\" \/>\n<meta property=\"og:description\" content=\"El Tribunal Constitucional avala el derecho al olvido en Internet. Este reconocimiento lo hace declarando inconstitucionales las resoluciones que vulneraron el derecho a la protecci\u00f3n de datos personales en el seno de Internet. Seg\u00fan la sentencia, la resoluci\u00f3n del Tribunal Supremo, que confirmaba otra anterior de la Audiencia Provincial, vulneraron dicho derecho a la protecci\u00f3n [&hellip;]\" \/>\n<meta property=\"og:url\" content=\"https:\/\/questionna.com\/blog\/el-tribunal-constitucional-avala-el-derecho-al-olvido-en-internet\/\" \/>\n<meta property=\"og:site_name\" content=\"Questionna\" \/>\n<meta property=\"article:published_time\" content=\"2022-07-27T13:21:57+00:00\" \/>\n<meta property=\"og:image\" content=\"https:\/\/questionna.com\/wp-content\/uploads\/2022\/07\/Questionna-Derecho-del-Entretenimiento-El-Tribunal-Constitucional-avala-el-derecho-al-olvido-en-Internet.png\" \/>\n\t<meta property=\"og:image:width\" content=\"1080\" \/>\n\t<meta property=\"og:image:height\" content=\"1080\" \/>\n\t<meta property=\"og:image:type\" content=\"image\/png\" \/>\n<meta name=\"author\" content=\"Questionna\" \/>\n<meta name=\"twitter:card\" content=\"summary_large_image\" \/>\n<meta name=\"twitter:label1\" content=\"Written by\" \/>\n\t<meta name=\"twitter:data1\" content=\"Questionna\" \/>\n\t<meta name=\"twitter:label2\" content=\"Est. reading time\" \/>\n\t<meta name=\"twitter:data2\" content=\"2 minutes\" \/>\n<script type=\"application\/ld+json\" class=\"yoast-schema-graph\">{\"@context\":\"https:\\\/\\\/schema.org\",\"@graph\":[{\"@type\":\"Article\",\"@id\":\"https:\\\/\\\/questionna.com\\\/blog\\\/el-tribunal-constitucional-avala-el-derecho-al-olvido-en-internet\\\/#article\",\"isPartOf\":{\"@id\":\"https:\\\/\\\/questionna.com\\\/blog\\\/el-tribunal-constitucional-avala-el-derecho-al-olvido-en-internet\\\/\"},\"author\":{\"name\":\"Questionna\",\"@id\":\"https:\\\/\\\/questionna.com\\\/#\\\/schema\\\/person\\\/a3135a1b892dc1a8da7a77027c3f6029\"},\"headline\":\"El Tribunal Constitucional avala el derecho al olvido en Internet\",\"datePublished\":\"2022-07-27T13:21:57+00:00\",\"mainEntityOfPage\":{\"@id\":\"https:\\\/\\\/questionna.com\\\/blog\\\/el-tribunal-constitucional-avala-el-derecho-al-olvido-en-internet\\\/\"},\"wordCount\":477,\"commentCount\":0,\"publisher\":{\"@id\":\"https:\\\/\\\/questionna.com\\\/#organization\"},\"image\":{\"@id\":\"https:\\\/\\\/questionna.com\\\/blog\\\/el-tribunal-constitucional-avala-el-derecho-al-olvido-en-internet\\\/#primaryimage\"},\"thumbnailUrl\":\"https:\\\/\\\/questionna.com\\\/wp-content\\\/uploads\\\/2022\\\/07\\\/Questionna-Derecho-del-Entretenimiento-El-Tribunal-Constitucional-avala-el-derecho-al-olvido-en-Internet.png\",\"keywords\":[\"abogado\",\"abogado del entretenimiento\",\"abogados\",\"AEPD\",\"derecho\",\"derecho al olvido\",\"Derecho del entretenimiento\",\"entertainment law\",\"entretenimiento\",\"gdpr\",\"Google\",\"rgpd\"],\"articleSection\":[\"Noticias\"],\"inLanguage\":\"en-US\",\"potentialAction\":[{\"@type\":\"CommentAction\",\"name\":\"Comment\",\"target\":[\"https:\\\/\\\/questionna.com\\\/blog\\\/el-tribunal-constitucional-avala-el-derecho-al-olvido-en-internet\\\/#respond\"]}]},{\"@type\":\"WebPage\",\"@id\":\"https:\\\/\\\/questionna.com\\\/blog\\\/el-tribunal-constitucional-avala-el-derecho-al-olvido-en-internet\\\/\",\"url\":\"https:\\\/\\\/questionna.com\\\/blog\\\/el-tribunal-constitucional-avala-el-derecho-al-olvido-en-internet\\\/\",\"name\":\"El Tribunal Constitucional avala el derecho al olvido en Internet - Questionna\",\"isPartOf\":{\"@id\":\"https:\\\/\\\/questionna.com\\\/#website\"},\"primaryImageOfPage\":{\"@id\":\"https:\\\/\\\/questionna.com\\\/blog\\\/el-tribunal-constitucional-avala-el-derecho-al-olvido-en-internet\\\/#primaryimage\"},\"image\":{\"@id\":\"https:\\\/\\\/questionna.com\\\/blog\\\/el-tribunal-constitucional-avala-el-derecho-al-olvido-en-internet\\\/#primaryimage\"},\"thumbnailUrl\":\"https:\\\/\\\/questionna.com\\\/wp-content\\\/uploads\\\/2022\\\/07\\\/Questionna-Derecho-del-Entretenimiento-El-Tribunal-Constitucional-avala-el-derecho-al-olvido-en-Internet.png\",\"datePublished\":\"2022-07-27T13:21:57+00:00\",\"breadcrumb\":{\"@id\":\"https:\\\/\\\/questionna.com\\\/blog\\\/el-tribunal-constitucional-avala-el-derecho-al-olvido-en-internet\\\/#breadcrumb\"},\"inLanguage\":\"en-US\",\"potentialAction\":[{\"@type\":\"ReadAction\",\"target\":[\"https:\\\/\\\/questionna.com\\\/blog\\\/el-tribunal-constitucional-avala-el-derecho-al-olvido-en-internet\\\/\"]}]},{\"@type\":\"ImageObject\",\"inLanguage\":\"en-US\",\"@id\":\"https:\\\/\\\/questionna.com\\\/blog\\\/el-tribunal-constitucional-avala-el-derecho-al-olvido-en-internet\\\/#primaryimage\",\"url\":\"https:\\\/\\\/questionna.com\\\/wp-content\\\/uploads\\\/2022\\\/07\\\/Questionna-Derecho-del-Entretenimiento-El-Tribunal-Constitucional-avala-el-derecho-al-olvido-en-Internet.png\",\"contentUrl\":\"https:\\\/\\\/questionna.com\\\/wp-content\\\/uploads\\\/2022\\\/07\\\/Questionna-Derecho-del-Entretenimiento-El-Tribunal-Constitucional-avala-el-derecho-al-olvido-en-Internet.png\",\"width\":1080,\"height\":1080},{\"@type\":\"BreadcrumbList\",\"@id\":\"https:\\\/\\\/questionna.com\\\/blog\\\/el-tribunal-constitucional-avala-el-derecho-al-olvido-en-internet\\\/#breadcrumb\",\"itemListElement\":[{\"@type\":\"ListItem\",\"position\":1,\"name\":\"Home\",\"item\":\"https:\\\/\\\/questionna.com\\\/en\\\/\"},{\"@type\":\"ListItem\",\"position\":2,\"name\":\"Noticias\",\"item\":\"https:\\\/\\\/questionna.com\\\/blog\\\/category\\\/noticias\\\/\"},{\"@type\":\"ListItem\",\"position\":3,\"name\":\"El Tribunal Constitucional avala el derecho al olvido en Internet\"}]},{\"@type\":\"WebSite\",\"@id\":\"https:\\\/\\\/questionna.com\\\/#website\",\"url\":\"https:\\\/\\\/questionna.com\\\/\",\"name\":\"Questionna\",\"description\":\"Derecho del Entretenimiento\",\"publisher\":{\"@id\":\"https:\\\/\\\/questionna.com\\\/#organization\"},\"potentialAction\":[{\"@type\":\"SearchAction\",\"target\":{\"@type\":\"EntryPoint\",\"urlTemplate\":\"https:\\\/\\\/questionna.com\\\/?s={search_term_string}\"},\"query-input\":{\"@type\":\"PropertyValueSpecification\",\"valueRequired\":true,\"valueName\":\"search_term_string\"}}],\"inLanguage\":\"en-US\"},{\"@type\":\"Organization\",\"@id\":\"https:\\\/\\\/questionna.com\\\/#organization\",\"name\":\"Questionna\",\"url\":\"https:\\\/\\\/questionna.com\\\/\",\"logo\":{\"@type\":\"ImageObject\",\"inLanguage\":\"en-US\",\"@id\":\"https:\\\/\\\/questionna.com\\\/#\\\/schema\\\/logo\\\/image\\\/\",\"url\":\"https:\\\/\\\/questionna.com\\\/wp-content\\\/uploads\\\/2023\\\/06\\\/logo_questionna.svg\",\"contentUrl\":\"https:\\\/\\\/questionna.com\\\/wp-content\\\/uploads\\\/2023\\\/06\\\/logo_questionna.svg\",\"width\":431,\"height\":53,\"caption\":\"Questionna\"},\"image\":{\"@id\":\"https:\\\/\\\/questionna.com\\\/#\\\/schema\\\/logo\\\/image\\\/\"}},{\"@type\":\"Person\",\"@id\":\"https:\\\/\\\/questionna.com\\\/#\\\/schema\\\/person\\\/a3135a1b892dc1a8da7a77027c3f6029\",\"name\":\"Questionna\",\"image\":{\"@type\":\"ImageObject\",\"inLanguage\":\"en-US\",\"@id\":\"https:\\\/\\\/secure.gravatar.com\\\/avatar\\\/75c46a9f974ccfe7b33da8dfea40fe71bd5e295fcc51ff869bf2c49627d54934?s=96&d=mm&r=g\",\"url\":\"https:\\\/\\\/secure.gravatar.com\\\/avatar\\\/75c46a9f974ccfe7b33da8dfea40fe71bd5e295fcc51ff869bf2c49627d54934?s=96&d=mm&r=g\",\"contentUrl\":\"https:\\\/\\\/secure.gravatar.com\\\/avatar\\\/75c46a9f974ccfe7b33da8dfea40fe71bd5e295fcc51ff869bf2c49627d54934?s=96&d=mm&r=g\",\"caption\":\"Questionna\"},\"url\":\"https:\\\/\\\/questionna.com\\\/en\\\/blog\\\/author\\\/viktor\\\/\"}]}<\/script>\n<!-- \/ Yoast SEO plugin. -->","yoast_head_json":{"title":"El Tribunal Constitucional avala el derecho al olvido en Internet - Questionna","robots":{"index":"index","follow":"follow","max-snippet":"max-snippet:-1","max-image-preview":"max-image-preview:large","max-video-preview":"max-video-preview:-1"},"canonical":"https:\/\/questionna.com\/blog\/el-tribunal-constitucional-avala-el-derecho-al-olvido-en-internet\/","og_locale":"en_US","og_type":"article","og_title":"El Tribunal Constitucional avala el derecho al olvido en Internet - Questionna","og_description":"El Tribunal Constitucional avala el derecho al olvido en Internet. Este reconocimiento lo hace declarando inconstitucionales las resoluciones que vulneraron el derecho a la protecci\u00f3n de datos personales en el seno de Internet. Seg\u00fan la sentencia, la resoluci\u00f3n del Tribunal Supremo, que confirmaba otra anterior de la Audiencia Provincial, vulneraron dicho derecho a la protecci\u00f3n [&hellip;]","og_url":"https:\/\/questionna.com\/blog\/el-tribunal-constitucional-avala-el-derecho-al-olvido-en-internet\/","og_site_name":"Questionna","article_published_time":"2022-07-27T13:21:57+00:00","og_image":[{"width":1080,"height":1080,"url":"https:\/\/questionna.com\/wp-content\/uploads\/2022\/07\/Questionna-Derecho-del-Entretenimiento-El-Tribunal-Constitucional-avala-el-derecho-al-olvido-en-Internet.png","type":"image\/png"}],"author":"Questionna","twitter_card":"summary_large_image","twitter_misc":{"Written by":"Questionna","Est. reading time":"2 minutes"},"schema":{"@context":"https:\/\/schema.org","@graph":[{"@type":"Article","@id":"https:\/\/questionna.com\/blog\/el-tribunal-constitucional-avala-el-derecho-al-olvido-en-internet\/#article","isPartOf":{"@id":"https:\/\/questionna.com\/blog\/el-tribunal-constitucional-avala-el-derecho-al-olvido-en-internet\/"},"author":{"name":"Questionna","@id":"https:\/\/questionna.com\/#\/schema\/person\/a3135a1b892dc1a8da7a77027c3f6029"},"headline":"El Tribunal Constitucional avala el derecho al olvido en Internet","datePublished":"2022-07-27T13:21:57+00:00","mainEntityOfPage":{"@id":"https:\/\/questionna.com\/blog\/el-tribunal-constitucional-avala-el-derecho-al-olvido-en-internet\/"},"wordCount":477,"commentCount":0,"publisher":{"@id":"https:\/\/questionna.com\/#organization"},"image":{"@id":"https:\/\/questionna.com\/blog\/el-tribunal-constitucional-avala-el-derecho-al-olvido-en-internet\/#primaryimage"},"thumbnailUrl":"https:\/\/questionna.com\/wp-content\/uploads\/2022\/07\/Questionna-Derecho-del-Entretenimiento-El-Tribunal-Constitucional-avala-el-derecho-al-olvido-en-Internet.png","keywords":["abogado","abogado del entretenimiento","abogados","AEPD","derecho","derecho al olvido","Derecho del entretenimiento","entertainment law","entretenimiento","gdpr","Google","rgpd"],"articleSection":["Noticias"],"inLanguage":"en-US","potentialAction":[{"@type":"CommentAction","name":"Comment","target":["https:\/\/questionna.com\/blog\/el-tribunal-constitucional-avala-el-derecho-al-olvido-en-internet\/#respond"]}]},{"@type":"WebPage","@id":"https:\/\/questionna.com\/blog\/el-tribunal-constitucional-avala-el-derecho-al-olvido-en-internet\/","url":"https:\/\/questionna.com\/blog\/el-tribunal-constitucional-avala-el-derecho-al-olvido-en-internet\/","name":"El Tribunal Constitucional avala el derecho al olvido en Internet - Questionna","isPartOf":{"@id":"https:\/\/questionna.com\/#website"},"primaryImageOfPage":{"@id":"https:\/\/questionna.com\/blog\/el-tribunal-constitucional-avala-el-derecho-al-olvido-en-internet\/#primaryimage"},"image":{"@id":"https:\/\/questionna.com\/blog\/el-tribunal-constitucional-avala-el-derecho-al-olvido-en-internet\/#primaryimage"},"thumbnailUrl":"https:\/\/questionna.com\/wp-content\/uploads\/2022\/07\/Questionna-Derecho-del-Entretenimiento-El-Tribunal-Constitucional-avala-el-derecho-al-olvido-en-Internet.png","datePublished":"2022-07-27T13:21:57+00:00","breadcrumb":{"@id":"https:\/\/questionna.com\/blog\/el-tribunal-constitucional-avala-el-derecho-al-olvido-en-internet\/#breadcrumb"},"inLanguage":"en-US","potentialAction":[{"@type":"ReadAction","target":["https:\/\/questionna.com\/blog\/el-tribunal-constitucional-avala-el-derecho-al-olvido-en-internet\/"]}]},{"@type":"ImageObject","inLanguage":"en-US","@id":"https:\/\/questionna.com\/blog\/el-tribunal-constitucional-avala-el-derecho-al-olvido-en-internet\/#primaryimage","url":"https:\/\/questionna.com\/wp-content\/uploads\/2022\/07\/Questionna-Derecho-del-Entretenimiento-El-Tribunal-Constitucional-avala-el-derecho-al-olvido-en-Internet.png","contentUrl":"https:\/\/questionna.com\/wp-content\/uploads\/2022\/07\/Questionna-Derecho-del-Entretenimiento-El-Tribunal-Constitucional-avala-el-derecho-al-olvido-en-Internet.png","width":1080,"height":1080},{"@type":"BreadcrumbList","@id":"https:\/\/questionna.com\/blog\/el-tribunal-constitucional-avala-el-derecho-al-olvido-en-internet\/#breadcrumb","itemListElement":[{"@type":"ListItem","position":1,"name":"Home","item":"https:\/\/questionna.com\/en\/"},{"@type":"ListItem","position":2,"name":"Noticias","item":"https:\/\/questionna.com\/blog\/category\/noticias\/"},{"@type":"ListItem","position":3,"name":"El Tribunal Constitucional avala el derecho al olvido en Internet"}]},{"@type":"WebSite","@id":"https:\/\/questionna.com\/#website","url":"https:\/\/questionna.com\/","name":"Questionna","description":"Derecho del Entretenimiento","publisher":{"@id":"https:\/\/questionna.com\/#organization"},"potentialAction":[{"@type":"SearchAction","target":{"@type":"EntryPoint","urlTemplate":"https:\/\/questionna.com\/?s={search_term_string}"},"query-input":{"@type":"PropertyValueSpecification","valueRequired":true,"valueName":"search_term_string"}}],"inLanguage":"en-US"},{"@type":"Organization","@id":"https:\/\/questionna.com\/#organization","name":"Questionna","url":"https:\/\/questionna.com\/","logo":{"@type":"ImageObject","inLanguage":"en-US","@id":"https:\/\/questionna.com\/#\/schema\/logo\/image\/","url":"https:\/\/questionna.com\/wp-content\/uploads\/2023\/06\/logo_questionna.svg","contentUrl":"https:\/\/questionna.com\/wp-content\/uploads\/2023\/06\/logo_questionna.svg","width":431,"height":53,"caption":"Questionna"},"image":{"@id":"https:\/\/questionna.com\/#\/schema\/logo\/image\/"}},{"@type":"Person","@id":"https:\/\/questionna.com\/#\/schema\/person\/a3135a1b892dc1a8da7a77027c3f6029","name":"Questionna","image":{"@type":"ImageObject","inLanguage":"en-US","@id":"https:\/\/secure.gravatar.com\/avatar\/75c46a9f974ccfe7b33da8dfea40fe71bd5e295fcc51ff869bf2c49627d54934?s=96&d=mm&r=g","url":"https:\/\/secure.gravatar.com\/avatar\/75c46a9f974ccfe7b33da8dfea40fe71bd5e295fcc51ff869bf2c49627d54934?s=96&d=mm&r=g","contentUrl":"https:\/\/secure.gravatar.com\/avatar\/75c46a9f974ccfe7b33da8dfea40fe71bd5e295fcc51ff869bf2c49627d54934?s=96&d=mm&r=g","caption":"Questionna"},"url":"https:\/\/questionna.com\/en\/blog\/author\/viktor\/"}]}},"_links":{"self":[{"href":"https:\/\/questionna.com\/en\/wp-json\/wp\/v2\/posts\/565","targetHints":{"allow":["GET"]}}],"collection":[{"href":"https:\/\/questionna.com\/en\/wp-json\/wp\/v2\/posts"}],"about":[{"href":"https:\/\/questionna.com\/en\/wp-json\/wp\/v2\/types\/post"}],"author":[{"embeddable":true,"href":"https:\/\/questionna.com\/en\/wp-json\/wp\/v2\/users\/6"}],"replies":[{"embeddable":true,"href":"https:\/\/questionna.com\/en\/wp-json\/wp\/v2\/comments?post=565"}],"version-history":[{"count":0,"href":"https:\/\/questionna.com\/en\/wp-json\/wp\/v2\/posts\/565\/revisions"}],"wp:featuredmedia":[{"embeddable":true,"href":"https:\/\/questionna.com\/en\/wp-json\/wp\/v2\/media\/566"}],"wp:attachment":[{"href":"https:\/\/questionna.com\/en\/wp-json\/wp\/v2\/media?parent=565"}],"wp:term":[{"taxonomy":"category","embeddable":true,"href":"https:\/\/questionna.com\/en\/wp-json\/wp\/v2\/categories?post=565"},{"taxonomy":"post_tag","embeddable":true,"href":"https:\/\/questionna.com\/en\/wp-json\/wp\/v2\/tags?post=565"}],"curies":[{"name":"wp","href":"https:\/\/api.w.org\/{rel}","templated":true}]}}