{"id":544,"date":"2022-04-05T07:29:03","date_gmt":"2022-04-05T05:29:03","guid":{"rendered":"https:\/\/questionna.com\/2022\/04\/05\/reducciones-del-75-en-la-cuota-de-abril-de-autonomos\/"},"modified":"2022-04-05T07:29:03","modified_gmt":"2022-04-05T05:29:03","slug":"reducciones-del-75-en-la-cuota-de-abril-de-autonomos","status":"publish","type":"post","link":"https:\/\/questionna.com\/en\/blog\/reducciones-del-75-en-la-cuota-de-abril-de-autonomos\/","title":{"rendered":"Reducciones del 75% en la cuota de abril de aut\u00f3nomos."},"content":{"rendered":"<p>Esta reducci\u00f3n se aplica a los aut\u00f3nomos que percibieran la prestaci\u00f3n por cese de actividad extraordinario hasta el pasado 28 de febrero. Estos aut\u00f3nomos <strong>pagar\u00e1n solamente el 25 % de su cuota en abril<\/strong>. Estas ayudas de las que derivan estas reducciones buscaban proteger a los trabajadores por cuenta propia que hubieran sido afectados con motivo de la pandemia.<\/p>\n<p>Sin embargo, una vez finalizadas dichas prestaciones, el Ministerio de Inclusi\u00f3n, Seguridad Social y Migraciones estableci\u00f3 unas\u00a0<strong>exoneraciones en la cotizaci\u00f3n de los aut\u00f3nomos<\/strong> que estuvieran acogidos a las ayudas, exoneraciones que se mantendr\u00e1n hasta verano. De esta forma, ya en el mes de marzo este colectivo de trabajadores vio su cuota reducida en un 90 %.<\/p>\n<aside class=\"roba-intercalado sin-fondo layer_inpage\"><span id=\"layer_inpage-id\" class=\"creatividad cmv_intext\" data-voc-vam=\"\" data-voc-vam-position=\"layer_inpage\" data-voc-vam-outofpage=\"true\"><\/span><\/aside>\n<p>Las exoneraciones son decrecientes, de tal manera que los antiguos beneficiarios de las ayudas tendr\u00e1n una\u00a0<strong>reducci\u00f3n del 75 % en abril, del 50 % en mayo y del 25 % en junio<\/strong>.<\/p>\n<p>Los aut\u00f3nomos que coticen por la m\u00ednima, es decir, 293 euros mensuales, solo tendr\u00e1n que pagar 70 euros en ese mes. M\u00e1s de 23.000 trabajadores por cuenta propia se acogi\u00f3 a la prestaci\u00f3n para aut\u00f3nomos compatible con la actividad, a los que hay que sumar los 84.000 que percibieron la ayuda por bajos ingresos. Esto hace un total de\u00a0<strong>m\u00e1s de 105.000 beneficiaros de las exoneraciones<\/strong>.<\/p>\n","protected":false},"excerpt":{"rendered":"<p>Esta reducci\u00f3n se aplica a los aut\u00f3nomos que percibieran la prestaci\u00f3n por cese de actividad extraordinario hasta el pasado 28 de febrero. Estos aut\u00f3nomos pagar\u00e1n solamente el 25 % de su cuota en abril. Estas ayudas de las que derivan estas reducciones buscaban proteger a los trabajadores por cuenta propia que hubieran sido afectados con [&hellip;]<\/p>\n","protected":false},"author":6,"featured_media":0,"comment_status":"open","ping_status":"open","sticky":false,"template":"","format":"standard","meta":{"footnotes":""},"categories":[115],"tags":[],"class_list":["post-544","post","type-post","status-publish","format-standard","hentry","category-newsletter"],"yoast_head":"<!-- This site is optimized with the Yoast SEO plugin v27.5 - https:\/\/yoast.com\/product\/yoast-seo-wordpress\/ -->\n<title>Reducciones del 75% en la cuota de abril de aut\u00f3nomos. - Questionna<\/title>\n<meta name=\"robots\" content=\"index, follow, max-snippet:-1, max-image-preview:large, max-video-preview:-1\" \/>\n<link rel=\"canonical\" href=\"https:\/\/questionna.com\/blog\/reducciones-del-75-en-la-cuota-de-abril-de-autonomos\/\" \/>\n<meta property=\"og:locale\" content=\"en_US\" \/>\n<meta property=\"og:type\" content=\"article\" \/>\n<meta property=\"og:title\" content=\"Reducciones del 75% en la cuota de abril de aut\u00f3nomos. - Questionna\" \/>\n<meta property=\"og:description\" content=\"Esta reducci\u00f3n se aplica a los aut\u00f3nomos que percibieran la prestaci\u00f3n por cese de actividad extraordinario hasta el pasado 28 de febrero. Estos aut\u00f3nomos pagar\u00e1n solamente el 25 % de su cuota en abril. Estas ayudas de las que derivan estas reducciones buscaban proteger a los trabajadores por cuenta propia que hubieran sido afectados con [&hellip;]\" \/>\n<meta property=\"og:url\" content=\"https:\/\/questionna.com\/blog\/reducciones-del-75-en-la-cuota-de-abril-de-autonomos\/\" \/>\n<meta property=\"og:site_name\" content=\"Questionna\" \/>\n<meta property=\"article:published_time\" content=\"2022-04-05T05:29:03+00:00\" \/>\n<meta name=\"author\" content=\"Questionna\" \/>\n<meta name=\"twitter:card\" content=\"summary_large_image\" \/>\n<meta name=\"twitter:label1\" content=\"Written by\" \/>\n\t<meta name=\"twitter:data1\" content=\"Questionna\" \/>\n\t<meta name=\"twitter:label2\" content=\"Est. reading time\" \/>\n\t<meta name=\"twitter:data2\" content=\"1 minute\" \/>\n<script type=\"application\/ld+json\" class=\"yoast-schema-graph\">{\"@context\":\"https:\\\/\\\/schema.org\",\"@graph\":[{\"@type\":\"Article\",\"@id\":\"https:\\\/\\\/questionna.com\\\/blog\\\/reducciones-del-75-en-la-cuota-de-abril-de-autonomos\\\/#article\",\"isPartOf\":{\"@id\":\"https:\\\/\\\/questionna.com\\\/blog\\\/reducciones-del-75-en-la-cuota-de-abril-de-autonomos\\\/\"},\"author\":{\"name\":\"Questionna\",\"@id\":\"https:\\\/\\\/questionna.com\\\/#\\\/schema\\\/person\\\/a3135a1b892dc1a8da7a77027c3f6029\"},\"headline\":\"Reducciones del 75% en la cuota de abril de aut\u00f3nomos.\",\"datePublished\":\"2022-04-05T05:29:03+00:00\",\"mainEntityOfPage\":{\"@id\":\"https:\\\/\\\/questionna.com\\\/blog\\\/reducciones-del-75-en-la-cuota-de-abril-de-autonomos\\\/\"},\"wordCount\":227,\"commentCount\":0,\"publisher\":{\"@id\":\"https:\\\/\\\/questionna.com\\\/#organization\"},\"articleSection\":[\"Newsletter\"],\"inLanguage\":\"en-US\",\"potentialAction\":[{\"@type\":\"CommentAction\",\"name\":\"Comment\",\"target\":[\"https:\\\/\\\/questionna.com\\\/blog\\\/reducciones-del-75-en-la-cuota-de-abril-de-autonomos\\\/#respond\"]}]},{\"@type\":\"WebPage\",\"@id\":\"https:\\\/\\\/questionna.com\\\/blog\\\/reducciones-del-75-en-la-cuota-de-abril-de-autonomos\\\/\",\"url\":\"https:\\\/\\\/questionna.com\\\/blog\\\/reducciones-del-75-en-la-cuota-de-abril-de-autonomos\\\/\",\"name\":\"Reducciones del 75% en la cuota de abril de aut\u00f3nomos. - Questionna\",\"isPartOf\":{\"@id\":\"https:\\\/\\\/questionna.com\\\/#website\"},\"datePublished\":\"2022-04-05T05:29:03+00:00\",\"breadcrumb\":{\"@id\":\"https:\\\/\\\/questionna.com\\\/blog\\\/reducciones-del-75-en-la-cuota-de-abril-de-autonomos\\\/#breadcrumb\"},\"inLanguage\":\"en-US\",\"potentialAction\":[{\"@type\":\"ReadAction\",\"target\":[\"https:\\\/\\\/questionna.com\\\/blog\\\/reducciones-del-75-en-la-cuota-de-abril-de-autonomos\\\/\"]}]},{\"@type\":\"BreadcrumbList\",\"@id\":\"https:\\\/\\\/questionna.com\\\/blog\\\/reducciones-del-75-en-la-cuota-de-abril-de-autonomos\\\/#breadcrumb\",\"itemListElement\":[{\"@type\":\"ListItem\",\"position\":1,\"name\":\"Home\",\"item\":\"https:\\\/\\\/questionna.com\\\/en\\\/\"},{\"@type\":\"ListItem\",\"position\":2,\"name\":\"Newsletter\",\"item\":\"https:\\\/\\\/questionna.com\\\/blog\\\/category\\\/newsletter\\\/\"},{\"@type\":\"ListItem\",\"position\":3,\"name\":\"Reducciones del 75% en la cuota de abril de aut\u00f3nomos.\"}]},{\"@type\":\"WebSite\",\"@id\":\"https:\\\/\\\/questionna.com\\\/#website\",\"url\":\"https:\\\/\\\/questionna.com\\\/\",\"name\":\"Questionna\",\"description\":\"Derecho del Entretenimiento\",\"publisher\":{\"@id\":\"https:\\\/\\\/questionna.com\\\/#organization\"},\"potentialAction\":[{\"@type\":\"SearchAction\",\"target\":{\"@type\":\"EntryPoint\",\"urlTemplate\":\"https:\\\/\\\/questionna.com\\\/?s={search_term_string}\"},\"query-input\":{\"@type\":\"PropertyValueSpecification\",\"valueRequired\":true,\"valueName\":\"search_term_string\"}}],\"inLanguage\":\"en-US\"},{\"@type\":\"Organization\",\"@id\":\"https:\\\/\\\/questionna.com\\\/#organization\",\"name\":\"Questionna\",\"url\":\"https:\\\/\\\/questionna.com\\\/\",\"logo\":{\"@type\":\"ImageObject\",\"inLanguage\":\"en-US\",\"@id\":\"https:\\\/\\\/questionna.com\\\/#\\\/schema\\\/logo\\\/image\\\/\",\"url\":\"https:\\\/\\\/questionna.com\\\/wp-content\\\/uploads\\\/2023\\\/06\\\/logo_questionna.svg\",\"contentUrl\":\"https:\\\/\\\/questionna.com\\\/wp-content\\\/uploads\\\/2023\\\/06\\\/logo_questionna.svg\",\"width\":431,\"height\":53,\"caption\":\"Questionna\"},\"image\":{\"@id\":\"https:\\\/\\\/questionna.com\\\/#\\\/schema\\\/logo\\\/image\\\/\"}},{\"@type\":\"Person\",\"@id\":\"https:\\\/\\\/questionna.com\\\/#\\\/schema\\\/person\\\/a3135a1b892dc1a8da7a77027c3f6029\",\"name\":\"Questionna\",\"image\":{\"@type\":\"ImageObject\",\"inLanguage\":\"en-US\",\"@id\":\"https:\\\/\\\/secure.gravatar.com\\\/avatar\\\/75c46a9f974ccfe7b33da8dfea40fe71bd5e295fcc51ff869bf2c49627d54934?s=96&d=mm&r=g\",\"url\":\"https:\\\/\\\/secure.gravatar.com\\\/avatar\\\/75c46a9f974ccfe7b33da8dfea40fe71bd5e295fcc51ff869bf2c49627d54934?s=96&d=mm&r=g\",\"contentUrl\":\"https:\\\/\\\/secure.gravatar.com\\\/avatar\\\/75c46a9f974ccfe7b33da8dfea40fe71bd5e295fcc51ff869bf2c49627d54934?s=96&d=mm&r=g\",\"caption\":\"Questionna\"},\"url\":\"https:\\\/\\\/questionna.com\\\/en\\\/blog\\\/author\\\/viktor\\\/\"}]}<\/script>\n<!-- \/ Yoast SEO plugin. -->","yoast_head_json":{"title":"Reducciones del 75% en la cuota de abril de aut\u00f3nomos. - Questionna","robots":{"index":"index","follow":"follow","max-snippet":"max-snippet:-1","max-image-preview":"max-image-preview:large","max-video-preview":"max-video-preview:-1"},"canonical":"https:\/\/questionna.com\/blog\/reducciones-del-75-en-la-cuota-de-abril-de-autonomos\/","og_locale":"en_US","og_type":"article","og_title":"Reducciones del 75% en la cuota de abril de aut\u00f3nomos. - Questionna","og_description":"Esta reducci\u00f3n se aplica a los aut\u00f3nomos que percibieran la prestaci\u00f3n por cese de actividad extraordinario hasta el pasado 28 de febrero. Estos aut\u00f3nomos pagar\u00e1n solamente el 25 % de su cuota en abril. Estas ayudas de las que derivan estas reducciones buscaban proteger a los trabajadores por cuenta propia que hubieran sido afectados con [&hellip;]","og_url":"https:\/\/questionna.com\/blog\/reducciones-del-75-en-la-cuota-de-abril-de-autonomos\/","og_site_name":"Questionna","article_published_time":"2022-04-05T05:29:03+00:00","author":"Questionna","twitter_card":"summary_large_image","twitter_misc":{"Written by":"Questionna","Est. reading time":"1 minute"},"schema":{"@context":"https:\/\/schema.org","@graph":[{"@type":"Article","@id":"https:\/\/questionna.com\/blog\/reducciones-del-75-en-la-cuota-de-abril-de-autonomos\/#article","isPartOf":{"@id":"https:\/\/questionna.com\/blog\/reducciones-del-75-en-la-cuota-de-abril-de-autonomos\/"},"author":{"name":"Questionna","@id":"https:\/\/questionna.com\/#\/schema\/person\/a3135a1b892dc1a8da7a77027c3f6029"},"headline":"Reducciones del 75% en la cuota de abril de aut\u00f3nomos.","datePublished":"2022-04-05T05:29:03+00:00","mainEntityOfPage":{"@id":"https:\/\/questionna.com\/blog\/reducciones-del-75-en-la-cuota-de-abril-de-autonomos\/"},"wordCount":227,"commentCount":0,"publisher":{"@id":"https:\/\/questionna.com\/#organization"},"articleSection":["Newsletter"],"inLanguage":"en-US","potentialAction":[{"@type":"CommentAction","name":"Comment","target":["https:\/\/questionna.com\/blog\/reducciones-del-75-en-la-cuota-de-abril-de-autonomos\/#respond"]}]},{"@type":"WebPage","@id":"https:\/\/questionna.com\/blog\/reducciones-del-75-en-la-cuota-de-abril-de-autonomos\/","url":"https:\/\/questionna.com\/blog\/reducciones-del-75-en-la-cuota-de-abril-de-autonomos\/","name":"Reducciones del 75% en la cuota de abril de aut\u00f3nomos. - Questionna","isPartOf":{"@id":"https:\/\/questionna.com\/#website"},"datePublished":"2022-04-05T05:29:03+00:00","breadcrumb":{"@id":"https:\/\/questionna.com\/blog\/reducciones-del-75-en-la-cuota-de-abril-de-autonomos\/#breadcrumb"},"inLanguage":"en-US","potentialAction":[{"@type":"ReadAction","target":["https:\/\/questionna.com\/blog\/reducciones-del-75-en-la-cuota-de-abril-de-autonomos\/"]}]},{"@type":"BreadcrumbList","@id":"https:\/\/questionna.com\/blog\/reducciones-del-75-en-la-cuota-de-abril-de-autonomos\/#breadcrumb","itemListElement":[{"@type":"ListItem","position":1,"name":"Home","item":"https:\/\/questionna.com\/en\/"},{"@type":"ListItem","position":2,"name":"Newsletter","item":"https:\/\/questionna.com\/blog\/category\/newsletter\/"},{"@type":"ListItem","position":3,"name":"Reducciones del 75% en la cuota de abril de aut\u00f3nomos."}]},{"@type":"WebSite","@id":"https:\/\/questionna.com\/#website","url":"https:\/\/questionna.com\/","name":"Questionna","description":"Derecho del Entretenimiento","publisher":{"@id":"https:\/\/questionna.com\/#organization"},"potentialAction":[{"@type":"SearchAction","target":{"@type":"EntryPoint","urlTemplate":"https:\/\/questionna.com\/?s={search_term_string}"},"query-input":{"@type":"PropertyValueSpecification","valueRequired":true,"valueName":"search_term_string"}}],"inLanguage":"en-US"},{"@type":"Organization","@id":"https:\/\/questionna.com\/#organization","name":"Questionna","url":"https:\/\/questionna.com\/","logo":{"@type":"ImageObject","inLanguage":"en-US","@id":"https:\/\/questionna.com\/#\/schema\/logo\/image\/","url":"https:\/\/questionna.com\/wp-content\/uploads\/2023\/06\/logo_questionna.svg","contentUrl":"https:\/\/questionna.com\/wp-content\/uploads\/2023\/06\/logo_questionna.svg","width":431,"height":53,"caption":"Questionna"},"image":{"@id":"https:\/\/questionna.com\/#\/schema\/logo\/image\/"}},{"@type":"Person","@id":"https:\/\/questionna.com\/#\/schema\/person\/a3135a1b892dc1a8da7a77027c3f6029","name":"Questionna","image":{"@type":"ImageObject","inLanguage":"en-US","@id":"https:\/\/secure.gravatar.com\/avatar\/75c46a9f974ccfe7b33da8dfea40fe71bd5e295fcc51ff869bf2c49627d54934?s=96&d=mm&r=g","url":"https:\/\/secure.gravatar.com\/avatar\/75c46a9f974ccfe7b33da8dfea40fe71bd5e295fcc51ff869bf2c49627d54934?s=96&d=mm&r=g","contentUrl":"https:\/\/secure.gravatar.com\/avatar\/75c46a9f974ccfe7b33da8dfea40fe71bd5e295fcc51ff869bf2c49627d54934?s=96&d=mm&r=g","caption":"Questionna"},"url":"https:\/\/questionna.com\/en\/blog\/author\/viktor\/"}]}},"_links":{"self":[{"href":"https:\/\/questionna.com\/en\/wp-json\/wp\/v2\/posts\/544","targetHints":{"allow":["GET"]}}],"collection":[{"href":"https:\/\/questionna.com\/en\/wp-json\/wp\/v2\/posts"}],"about":[{"href":"https:\/\/questionna.com\/en\/wp-json\/wp\/v2\/types\/post"}],"author":[{"embeddable":true,"href":"https:\/\/questionna.com\/en\/wp-json\/wp\/v2\/users\/6"}],"replies":[{"embeddable":true,"href":"https:\/\/questionna.com\/en\/wp-json\/wp\/v2\/comments?post=544"}],"version-history":[{"count":0,"href":"https:\/\/questionna.com\/en\/wp-json\/wp\/v2\/posts\/544\/revisions"}],"wp:attachment":[{"href":"https:\/\/questionna.com\/en\/wp-json\/wp\/v2\/media?parent=544"}],"wp:term":[{"taxonomy":"category","embeddable":true,"href":"https:\/\/questionna.com\/en\/wp-json\/wp\/v2\/categories?post=544"},{"taxonomy":"post_tag","embeddable":true,"href":"https:\/\/questionna.com\/en\/wp-json\/wp\/v2\/tags?post=544"}],"curies":[{"name":"wp","href":"https:\/\/api.w.org\/{rel}","templated":true}]}}