{"id":539,"date":"2022-05-12T07:01:28","date_gmt":"2022-05-12T05:01:28","guid":{"rendered":"https:\/\/questionna.com\/2022\/05\/12\/avances-en-el-estatuto-del-artista\/"},"modified":"2022-05-12T07:01:28","modified_gmt":"2022-05-12T05:01:28","slug":"avances-en-el-estatuto-del-artista","status":"publish","type":"post","link":"https:\/\/questionna.com\/en\/blog\/avances-en-el-estatuto-del-artista\/","title":{"rendered":"Avances en el Estatuto del Artista"},"content":{"rendered":"<p>Es por todos sabidos que el Estatuto para Artistas ha estado por mucho tiempo parado. Sin embargo, en esta legislatura se le ha dado un <!--more-->empuj\u00f3n sin precedente. Seg\u00fan el ministro Iceta, la gu\u00eda que estableci\u00f3 la comisi\u00f3n de Cultura est\u00e1 sirviendo de base a una comisi\u00f3n interministerial que lleva meses trabajando intensamente. Avances en el Estatuto del Artista debidas a reuniones de alto nivel, cuatro grupos de trabajo que llevan casi treinta encuentros desde su creaci\u00f3n. Seg\u00fan fuentes oficiales, este esfuerzo ha valido para acordar m\u00e1s de dos tercios de las propuestas de la subcomisi\u00f3n en el a\u00f1o 2018.<\/p>\n<p>En esta direcci\u00f3n, la semana pasada el ministro de Cultura y Deporte Iceta continu\u00f3 su ronda de reuniones con el sector cultural. Tras la reuni\u00f3n de burgos de hace dos semanas, el d\u00eda 4 de mayo se reuni\u00f3 con el sector cultural de Murcia. En esta reuni\u00f3n comparti\u00f3 los avances en el Estatuto del Artista. Adem\u00e1s,\u00a0 Iceta ha hecho balance de los pasos dados, desde su constituci\u00f3n el pasado septiembre, por la Comisi\u00f3n Interministerial para el desarrollo del Estatuto del Artista, de la que forman parte ocho ministerios.<\/p>\n<h3><strong>Marco jur\u00eddico justo y estable necesario para m\u00e1s avances en el Estatuto del Artista<\/strong><\/h3>\n<p>El ministro ha recordado que el Estatuto del Artista responde a la necesidad de crear un marco jur\u00eddico y estable. Con este marco, se garantizar\u00e1 que la cultura, sus empresas y trabajadores desarrollan su actividad en condiciones id\u00f3neas. Adem\u00e1s, ha explicado que supone la adecuaci\u00f3n del r\u00e9gimen fiscal, laboral y de Seguridad Social de los artistas a la realidad actual. Con este adecuaci\u00f3n, afirma, se obtendr\u00e1 el \u00f3ptimo desarrollo de su actividad, atendiendo a la diversidad y peculiaridad esencial que caracteriza dicha actividad: la intermitencia.<\/p>\n<p>En cuanto a las acciones realizadas hasta el momento, Iceta ha especificado que ya est\u00e1n en una fase avanzada. O est\u00e1n acordadas con los Ministerios competentes o est\u00e1n siendo objeto de discusi\u00f3n y negociaci\u00f3n. 38 de las 57 medidas incluidas en el Informe de la Subcomisi\u00f3n sobre el Estatuto del Artista aprobado por unanimidad en el Congreso de los Diputados, algunas de las cuales ya han iniciado su tramitaci\u00f3n legislativa.<\/p>\n<p>En este sentido, ha informado a los representantes del sector cultural murciano sobre el primer paquete de medidas aprobado, el Real Decreto Ley 5\/2022 de 22 de marzo, en materia laboral, convalidado por el Congreso con amplia mayor\u00eda. Iceta ha destacado, como principales novedades, la creaci\u00f3n del contrato laboral art\u00edstico de duraci\u00f3n determinada; la adaptaci\u00f3n y ampliaci\u00f3n de la definici\u00f3n de espect\u00e1culo p\u00fablico para incluir a personal t\u00e9cnico y auxiliar; el reconocimiento de la excepcionalidad de los artistas, t\u00e9cnicos y auxiliares para que no sean penalizados en los contratos inferiores a 30 d\u00edas; y la adecuaci\u00f3n de las cuotas de aut\u00f3nomos a artistas con ingresos anuales inferiores a 3.000 euros.<\/p>\n<h3><strong>Pr\u00f3ximas actuaciones<\/strong><\/h3>\n<p>Asimismo, el ministro ha aportado detalles sobre el calendario de acciones previstas. Actualmente, seg\u00fan ha avanzado, se est\u00e1 trabajando con el Ministerio de Inclusi\u00f3n, Seguridad Social y Migraciones para la mejora y desarrollo de la compatibilidad de las pensiones con la actividad art\u00edstica que genere derechos de propiedad intelectual.<\/p>\n<p>Tambi\u00e9n ha adelantado que la siguiente reuni\u00f3n de la Comisi\u00f3n Interministerial se celebrar\u00e1 en las pr\u00f3ximas semanas en el Ministerio de Educaci\u00f3n y Formaci\u00f3n Profesional para abordar la cuesti\u00f3n de las ense\u00f1anzas art\u00edsticas. En paralelo, los grupos de trabajo (laboral-seguridad social-fiscal y educaci\u00f3n) siguen, seg\u00fan el ministro, analizando las medidas recogidas en el Informe de la Subcomisi\u00f3n para abordar su concreci\u00f3n con la participaci\u00f3n del sector cultural. Iceta ha reiterado en Murcia que el objetivo es tener en marcha todas las medidas antes de finales de 2022.<\/p>\n<p>&nbsp;<\/p>\n","protected":false},"excerpt":{"rendered":"<p>Es por todos sabidos que el Estatuto para Artistas ha estado por mucho tiempo parado. Sin embargo, en esta legislatura se le ha dado un<\/p>\n","protected":false},"author":6,"featured_media":540,"comment_status":"open","ping_status":"open","sticky":false,"template":"","format":"standard","meta":{"footnotes":""},"categories":[8],"tags":[9,58,11,12,99,44,13,15,16,195,196,197,46,102],"class_list":["post-539","post","type-post","status-publish","format-standard","has-post-thumbnail","hentry","category-derecho-del-entretenimiento","tag-abogado","tag-abogado-del-entretenimiento","tag-artista","tag-artistas","tag-cultura","tag-derecho","tag-derecho-del-entretenimiento","tag-entertainment-law","tag-entretenimiento","tag-estatuto-del-artista","tag-iceta","tag-ministerio-de-cultura","tag-musica","tag-teatro"],"yoast_head":"<!-- This site is optimized with the Yoast SEO plugin v27.5 - https:\/\/yoast.com\/product\/yoast-seo-wordpress\/ -->\n<title>Avances en el Estatuto del Artista - Questionna<\/title>\n<meta name=\"robots\" content=\"index, follow, max-snippet:-1, max-image-preview:large, max-video-preview:-1\" \/>\n<link rel=\"canonical\" href=\"https:\/\/questionna.com\/blog\/avances-en-el-estatuto-del-artista\/\" \/>\n<meta property=\"og:locale\" content=\"en_US\" \/>\n<meta property=\"og:type\" content=\"article\" \/>\n<meta property=\"og:title\" content=\"Avances en el Estatuto del Artista - Questionna\" \/>\n<meta property=\"og:description\" content=\"Es por todos sabidos que el Estatuto para Artistas ha estado por mucho tiempo parado. Sin embargo, en esta legislatura se le ha dado un\" \/>\n<meta property=\"og:url\" content=\"https:\/\/questionna.com\/blog\/avances-en-el-estatuto-del-artista\/\" \/>\n<meta property=\"og:site_name\" content=\"Questionna\" \/>\n<meta property=\"article:published_time\" content=\"2022-05-12T05:01:28+00:00\" \/>\n<meta property=\"og:image\" content=\"https:\/\/questionna.com\/wp-content\/uploads\/2022\/05\/Questionna-Derecho-del-Entretenimiento-Avances-en-el-estatuto-del-artista.jpg\" \/>\n\t<meta property=\"og:image:width\" content=\"864\" \/>\n\t<meta property=\"og:image:height\" content=\"561\" \/>\n\t<meta property=\"og:image:type\" content=\"image\/jpeg\" \/>\n<meta name=\"author\" content=\"Questionna\" \/>\n<meta name=\"twitter:card\" content=\"summary_large_image\" \/>\n<meta name=\"twitter:label1\" content=\"Written by\" \/>\n\t<meta name=\"twitter:data1\" content=\"Questionna\" \/>\n\t<meta name=\"twitter:label2\" content=\"Est. reading time\" \/>\n\t<meta name=\"twitter:data2\" content=\"3 minutes\" \/>\n<script type=\"application\/ld+json\" class=\"yoast-schema-graph\">{\"@context\":\"https:\\\/\\\/schema.org\",\"@graph\":[{\"@type\":\"Article\",\"@id\":\"https:\\\/\\\/questionna.com\\\/blog\\\/avances-en-el-estatuto-del-artista\\\/#article\",\"isPartOf\":{\"@id\":\"https:\\\/\\\/questionna.com\\\/blog\\\/avances-en-el-estatuto-del-artista\\\/\"},\"author\":{\"name\":\"Questionna\",\"@id\":\"https:\\\/\\\/questionna.com\\\/#\\\/schema\\\/person\\\/a3135a1b892dc1a8da7a77027c3f6029\"},\"headline\":\"Avances en el Estatuto del Artista\",\"datePublished\":\"2022-05-12T05:01:28+00:00\",\"mainEntityOfPage\":{\"@id\":\"https:\\\/\\\/questionna.com\\\/blog\\\/avances-en-el-estatuto-del-artista\\\/\"},\"wordCount\":667,\"commentCount\":0,\"publisher\":{\"@id\":\"https:\\\/\\\/questionna.com\\\/#organization\"},\"image\":{\"@id\":\"https:\\\/\\\/questionna.com\\\/blog\\\/avances-en-el-estatuto-del-artista\\\/#primaryimage\"},\"thumbnailUrl\":\"https:\\\/\\\/questionna.com\\\/wp-content\\\/uploads\\\/2022\\\/05\\\/Questionna-Derecho-del-Entretenimiento-Avances-en-el-estatuto-del-artista.jpg\",\"keywords\":[\"abogado\",\"abogado del entretenimiento\",\"artista\",\"artistas\",\"cultura\",\"derecho\",\"Derecho del entretenimiento\",\"entertainment law\",\"entretenimiento\",\"estatuto del artista\",\"iceta\",\"ministerio de cultura\",\"m\u00fasica\",\"teatro\"],\"articleSection\":[\"Derecho del Entretenimiento\"],\"inLanguage\":\"en-US\",\"potentialAction\":[{\"@type\":\"CommentAction\",\"name\":\"Comment\",\"target\":[\"https:\\\/\\\/questionna.com\\\/blog\\\/avances-en-el-estatuto-del-artista\\\/#respond\"]}]},{\"@type\":\"WebPage\",\"@id\":\"https:\\\/\\\/questionna.com\\\/blog\\\/avances-en-el-estatuto-del-artista\\\/\",\"url\":\"https:\\\/\\\/questionna.com\\\/blog\\\/avances-en-el-estatuto-del-artista\\\/\",\"name\":\"Avances en el Estatuto del Artista - Questionna\",\"isPartOf\":{\"@id\":\"https:\\\/\\\/questionna.com\\\/#website\"},\"primaryImageOfPage\":{\"@id\":\"https:\\\/\\\/questionna.com\\\/blog\\\/avances-en-el-estatuto-del-artista\\\/#primaryimage\"},\"image\":{\"@id\":\"https:\\\/\\\/questionna.com\\\/blog\\\/avances-en-el-estatuto-del-artista\\\/#primaryimage\"},\"thumbnailUrl\":\"https:\\\/\\\/questionna.com\\\/wp-content\\\/uploads\\\/2022\\\/05\\\/Questionna-Derecho-del-Entretenimiento-Avances-en-el-estatuto-del-artista.jpg\",\"datePublished\":\"2022-05-12T05:01:28+00:00\",\"breadcrumb\":{\"@id\":\"https:\\\/\\\/questionna.com\\\/blog\\\/avances-en-el-estatuto-del-artista\\\/#breadcrumb\"},\"inLanguage\":\"en-US\",\"potentialAction\":[{\"@type\":\"ReadAction\",\"target\":[\"https:\\\/\\\/questionna.com\\\/blog\\\/avances-en-el-estatuto-del-artista\\\/\"]}]},{\"@type\":\"ImageObject\",\"inLanguage\":\"en-US\",\"@id\":\"https:\\\/\\\/questionna.com\\\/blog\\\/avances-en-el-estatuto-del-artista\\\/#primaryimage\",\"url\":\"https:\\\/\\\/questionna.com\\\/wp-content\\\/uploads\\\/2022\\\/05\\\/Questionna-Derecho-del-Entretenimiento-Avances-en-el-estatuto-del-artista.jpg\",\"contentUrl\":\"https:\\\/\\\/questionna.com\\\/wp-content\\\/uploads\\\/2022\\\/05\\\/Questionna-Derecho-del-Entretenimiento-Avances-en-el-estatuto-del-artista.jpg\",\"width\":864,\"height\":561},{\"@type\":\"BreadcrumbList\",\"@id\":\"https:\\\/\\\/questionna.com\\\/blog\\\/avances-en-el-estatuto-del-artista\\\/#breadcrumb\",\"itemListElement\":[{\"@type\":\"ListItem\",\"position\":1,\"name\":\"Home\",\"item\":\"https:\\\/\\\/questionna.com\\\/en\\\/\"},{\"@type\":\"ListItem\",\"position\":2,\"name\":\"Derecho del Entretenimiento\",\"item\":\"https:\\\/\\\/questionna.com\\\/blog\\\/category\\\/blog\\\/derecho-del-entretenimiento\\\/\"},{\"@type\":\"ListItem\",\"position\":3,\"name\":\"Avances en el Estatuto del Artista\"}]},{\"@type\":\"WebSite\",\"@id\":\"https:\\\/\\\/questionna.com\\\/#website\",\"url\":\"https:\\\/\\\/questionna.com\\\/\",\"name\":\"Questionna\",\"description\":\"Derecho del Entretenimiento\",\"publisher\":{\"@id\":\"https:\\\/\\\/questionna.com\\\/#organization\"},\"potentialAction\":[{\"@type\":\"SearchAction\",\"target\":{\"@type\":\"EntryPoint\",\"urlTemplate\":\"https:\\\/\\\/questionna.com\\\/?s={search_term_string}\"},\"query-input\":{\"@type\":\"PropertyValueSpecification\",\"valueRequired\":true,\"valueName\":\"search_term_string\"}}],\"inLanguage\":\"en-US\"},{\"@type\":\"Organization\",\"@id\":\"https:\\\/\\\/questionna.com\\\/#organization\",\"name\":\"Questionna\",\"url\":\"https:\\\/\\\/questionna.com\\\/\",\"logo\":{\"@type\":\"ImageObject\",\"inLanguage\":\"en-US\",\"@id\":\"https:\\\/\\\/questionna.com\\\/#\\\/schema\\\/logo\\\/image\\\/\",\"url\":\"https:\\\/\\\/questionna.com\\\/wp-content\\\/uploads\\\/2023\\\/06\\\/logo_questionna.svg\",\"contentUrl\":\"https:\\\/\\\/questionna.com\\\/wp-content\\\/uploads\\\/2023\\\/06\\\/logo_questionna.svg\",\"width\":431,\"height\":53,\"caption\":\"Questionna\"},\"image\":{\"@id\":\"https:\\\/\\\/questionna.com\\\/#\\\/schema\\\/logo\\\/image\\\/\"}},{\"@type\":\"Person\",\"@id\":\"https:\\\/\\\/questionna.com\\\/#\\\/schema\\\/person\\\/a3135a1b892dc1a8da7a77027c3f6029\",\"name\":\"Questionna\",\"image\":{\"@type\":\"ImageObject\",\"inLanguage\":\"en-US\",\"@id\":\"https:\\\/\\\/secure.gravatar.com\\\/avatar\\\/75c46a9f974ccfe7b33da8dfea40fe71bd5e295fcc51ff869bf2c49627d54934?s=96&d=mm&r=g\",\"url\":\"https:\\\/\\\/secure.gravatar.com\\\/avatar\\\/75c46a9f974ccfe7b33da8dfea40fe71bd5e295fcc51ff869bf2c49627d54934?s=96&d=mm&r=g\",\"contentUrl\":\"https:\\\/\\\/secure.gravatar.com\\\/avatar\\\/75c46a9f974ccfe7b33da8dfea40fe71bd5e295fcc51ff869bf2c49627d54934?s=96&d=mm&r=g\",\"caption\":\"Questionna\"},\"url\":\"https:\\\/\\\/questionna.com\\\/en\\\/blog\\\/author\\\/viktor\\\/\"}]}<\/script>\n<!-- \/ Yoast SEO plugin. -->","yoast_head_json":{"title":"Avances en el Estatuto del Artista - Questionna","robots":{"index":"index","follow":"follow","max-snippet":"max-snippet:-1","max-image-preview":"max-image-preview:large","max-video-preview":"max-video-preview:-1"},"canonical":"https:\/\/questionna.com\/blog\/avances-en-el-estatuto-del-artista\/","og_locale":"en_US","og_type":"article","og_title":"Avances en el Estatuto del Artista - Questionna","og_description":"Es por todos sabidos que el Estatuto para Artistas ha estado por mucho tiempo parado. Sin embargo, en esta legislatura se le ha dado un","og_url":"https:\/\/questionna.com\/blog\/avances-en-el-estatuto-del-artista\/","og_site_name":"Questionna","article_published_time":"2022-05-12T05:01:28+00:00","og_image":[{"width":864,"height":561,"url":"https:\/\/questionna.com\/wp-content\/uploads\/2022\/05\/Questionna-Derecho-del-Entretenimiento-Avances-en-el-estatuto-del-artista.jpg","type":"image\/jpeg"}],"author":"Questionna","twitter_card":"summary_large_image","twitter_misc":{"Written by":"Questionna","Est. reading time":"3 minutes"},"schema":{"@context":"https:\/\/schema.org","@graph":[{"@type":"Article","@id":"https:\/\/questionna.com\/blog\/avances-en-el-estatuto-del-artista\/#article","isPartOf":{"@id":"https:\/\/questionna.com\/blog\/avances-en-el-estatuto-del-artista\/"},"author":{"name":"Questionna","@id":"https:\/\/questionna.com\/#\/schema\/person\/a3135a1b892dc1a8da7a77027c3f6029"},"headline":"Avances en el Estatuto del Artista","datePublished":"2022-05-12T05:01:28+00:00","mainEntityOfPage":{"@id":"https:\/\/questionna.com\/blog\/avances-en-el-estatuto-del-artista\/"},"wordCount":667,"commentCount":0,"publisher":{"@id":"https:\/\/questionna.com\/#organization"},"image":{"@id":"https:\/\/questionna.com\/blog\/avances-en-el-estatuto-del-artista\/#primaryimage"},"thumbnailUrl":"https:\/\/questionna.com\/wp-content\/uploads\/2022\/05\/Questionna-Derecho-del-Entretenimiento-Avances-en-el-estatuto-del-artista.jpg","keywords":["abogado","abogado del entretenimiento","artista","artistas","cultura","derecho","Derecho del entretenimiento","entertainment law","entretenimiento","estatuto del artista","iceta","ministerio de cultura","m\u00fasica","teatro"],"articleSection":["Derecho del Entretenimiento"],"inLanguage":"en-US","potentialAction":[{"@type":"CommentAction","name":"Comment","target":["https:\/\/questionna.com\/blog\/avances-en-el-estatuto-del-artista\/#respond"]}]},{"@type":"WebPage","@id":"https:\/\/questionna.com\/blog\/avances-en-el-estatuto-del-artista\/","url":"https:\/\/questionna.com\/blog\/avances-en-el-estatuto-del-artista\/","name":"Avances en el Estatuto del Artista - Questionna","isPartOf":{"@id":"https:\/\/questionna.com\/#website"},"primaryImageOfPage":{"@id":"https:\/\/questionna.com\/blog\/avances-en-el-estatuto-del-artista\/#primaryimage"},"image":{"@id":"https:\/\/questionna.com\/blog\/avances-en-el-estatuto-del-artista\/#primaryimage"},"thumbnailUrl":"https:\/\/questionna.com\/wp-content\/uploads\/2022\/05\/Questionna-Derecho-del-Entretenimiento-Avances-en-el-estatuto-del-artista.jpg","datePublished":"2022-05-12T05:01:28+00:00","breadcrumb":{"@id":"https:\/\/questionna.com\/blog\/avances-en-el-estatuto-del-artista\/#breadcrumb"},"inLanguage":"en-US","potentialAction":[{"@type":"ReadAction","target":["https:\/\/questionna.com\/blog\/avances-en-el-estatuto-del-artista\/"]}]},{"@type":"ImageObject","inLanguage":"en-US","@id":"https:\/\/questionna.com\/blog\/avances-en-el-estatuto-del-artista\/#primaryimage","url":"https:\/\/questionna.com\/wp-content\/uploads\/2022\/05\/Questionna-Derecho-del-Entretenimiento-Avances-en-el-estatuto-del-artista.jpg","contentUrl":"https:\/\/questionna.com\/wp-content\/uploads\/2022\/05\/Questionna-Derecho-del-Entretenimiento-Avances-en-el-estatuto-del-artista.jpg","width":864,"height":561},{"@type":"BreadcrumbList","@id":"https:\/\/questionna.com\/blog\/avances-en-el-estatuto-del-artista\/#breadcrumb","itemListElement":[{"@type":"ListItem","position":1,"name":"Home","item":"https:\/\/questionna.com\/en\/"},{"@type":"ListItem","position":2,"name":"Derecho del Entretenimiento","item":"https:\/\/questionna.com\/blog\/category\/blog\/derecho-del-entretenimiento\/"},{"@type":"ListItem","position":3,"name":"Avances en el Estatuto del Artista"}]},{"@type":"WebSite","@id":"https:\/\/questionna.com\/#website","url":"https:\/\/questionna.com\/","name":"Questionna","description":"Derecho del Entretenimiento","publisher":{"@id":"https:\/\/questionna.com\/#organization"},"potentialAction":[{"@type":"SearchAction","target":{"@type":"EntryPoint","urlTemplate":"https:\/\/questionna.com\/?s={search_term_string}"},"query-input":{"@type":"PropertyValueSpecification","valueRequired":true,"valueName":"search_term_string"}}],"inLanguage":"en-US"},{"@type":"Organization","@id":"https:\/\/questionna.com\/#organization","name":"Questionna","url":"https:\/\/questionna.com\/","logo":{"@type":"ImageObject","inLanguage":"en-US","@id":"https:\/\/questionna.com\/#\/schema\/logo\/image\/","url":"https:\/\/questionna.com\/wp-content\/uploads\/2023\/06\/logo_questionna.svg","contentUrl":"https:\/\/questionna.com\/wp-content\/uploads\/2023\/06\/logo_questionna.svg","width":431,"height":53,"caption":"Questionna"},"image":{"@id":"https:\/\/questionna.com\/#\/schema\/logo\/image\/"}},{"@type":"Person","@id":"https:\/\/questionna.com\/#\/schema\/person\/a3135a1b892dc1a8da7a77027c3f6029","name":"Questionna","image":{"@type":"ImageObject","inLanguage":"en-US","@id":"https:\/\/secure.gravatar.com\/avatar\/75c46a9f974ccfe7b33da8dfea40fe71bd5e295fcc51ff869bf2c49627d54934?s=96&d=mm&r=g","url":"https:\/\/secure.gravatar.com\/avatar\/75c46a9f974ccfe7b33da8dfea40fe71bd5e295fcc51ff869bf2c49627d54934?s=96&d=mm&r=g","contentUrl":"https:\/\/secure.gravatar.com\/avatar\/75c46a9f974ccfe7b33da8dfea40fe71bd5e295fcc51ff869bf2c49627d54934?s=96&d=mm&r=g","caption":"Questionna"},"url":"https:\/\/questionna.com\/en\/blog\/author\/viktor\/"}]}},"_links":{"self":[{"href":"https:\/\/questionna.com\/en\/wp-json\/wp\/v2\/posts\/539","targetHints":{"allow":["GET"]}}],"collection":[{"href":"https:\/\/questionna.com\/en\/wp-json\/wp\/v2\/posts"}],"about":[{"href":"https:\/\/questionna.com\/en\/wp-json\/wp\/v2\/types\/post"}],"author":[{"embeddable":true,"href":"https:\/\/questionna.com\/en\/wp-json\/wp\/v2\/users\/6"}],"replies":[{"embeddable":true,"href":"https:\/\/questionna.com\/en\/wp-json\/wp\/v2\/comments?post=539"}],"version-history":[{"count":0,"href":"https:\/\/questionna.com\/en\/wp-json\/wp\/v2\/posts\/539\/revisions"}],"wp:featuredmedia":[{"embeddable":true,"href":"https:\/\/questionna.com\/en\/wp-json\/wp\/v2\/media\/540"}],"wp:attachment":[{"href":"https:\/\/questionna.com\/en\/wp-json\/wp\/v2\/media?parent=539"}],"wp:term":[{"taxonomy":"category","embeddable":true,"href":"https:\/\/questionna.com\/en\/wp-json\/wp\/v2\/categories?post=539"},{"taxonomy":"post_tag","embeddable":true,"href":"https:\/\/questionna.com\/en\/wp-json\/wp\/v2\/tags?post=539"}],"curies":[{"name":"wp","href":"https:\/\/api.w.org\/{rel}","templated":true}]}}