{"id":449,"date":"2021-04-27T17:07:50","date_gmt":"2021-04-27T15:07:50","guid":{"rendered":"https:\/\/questionna.com\/2021\/04\/27\/el-concierto-de-love-of-lesbian-no-tuvo-impacto-en-la-transmision-del-covid\/"},"modified":"2021-04-27T17:07:50","modified_gmt":"2021-04-27T15:07:50","slug":"el-concierto-de-love-of-lesbian-no-tuvo-impacto-en-la-transmision-del-covid","status":"publish","type":"post","link":"https:\/\/questionna.com\/en\/blog\/el-concierto-de-love-of-lesbian-no-tuvo-impacto-en-la-transmision-del-covid\/","title":{"rendered":"El concierto de Love of Lesbian no tuvo impacto en la transmisi\u00f3n del Covid"},"content":{"rendered":"<p>En el d\u00eda de hoy se han dado a conocer los resultados del proyecto\u00a0<strong>Festivals per la Cultura Segura. <\/strong>El evento realizado el 27 de marzo consist\u00eda en un concierto-piloto de Love Of Lesbian\u00a0celebrado en el\u00a0Palau Sant Jordi<strong>. <\/strong>La organizaci\u00f3n ha emitido un comunicado afirmando que el <strong>concierto de Love of Lesbian no tuvo impacto en la transmisi\u00f3n del Covid<\/strong>. \u00a0Muchos medios como <a href=\"https:\/\/www.rtve.es\/noticias\/20210427\/concierto-love-of-lesbian-barcelona-demuestra-grandes-eventos-pueden-ser-seguros\/2087837.shtml\">rtve<\/a>, <a href=\"https:\/\/www.mondosonoro.com\/noticias-actualidad-musical\/el-covid-love-of-lesbian\/\">mondosonoro<\/a>, <a href=\"https:\/\/www.larazon.es\/cultura\/20210427\/f33tzrdnijfa7pnutsqkyu3lre.html\">laraz\u00f3n<\/a>, <a href=\"https:\/\/www.lavozdegalicia.es\/noticia\/sociedad\/2021\/04\/27\/concierto-love-of-lesbian-demuestra-conciertos-masivos-pueden-seguros\/00031619522502704860994.htm\">lavozdegalicia,<\/a><a href=\"http:\/\/noticiasclave.net\/es\/noticia\/el-seguimiento-del-concierto-masivo-de-love-of-lesbian-.html\">noticiasclave<\/a>, <a href=\"https:\/\/www.huffingtonpost.es\/entry\/el-concierto-de-love-of-lesbian-en-el-sant-jordi-fue-un-exito-y-demuestra-que-estos-eventos-pueden-ser-seguros_es_6087f299e4b05af50dbb353c\">huffingtonpost<\/a> o <a href=\"https:\/\/www.clubbingspain.com\/noticias\/2021\/el-concierto-piloto-del-palau-sant-jordi-no-tuvo-impacto-en-la-transmision-de-covid-19.html\">clubbingspain<\/a> se hacen eco de esta noticia.<\/p>\n<p>Los organizadores comunican que de los casi 5000 asistentes que consintieron participar,<strong> s\u00f3lo seis personas resultaron positivo<\/strong> en los 14 d\u00edas posteriores al evento. De estas 6 personas, solamente hubo<strong> asintom\u00e1ticos o s\u00edntomas leves<\/strong> que no han requerido ingreso hospitalario ni han transmitido a otros contactos. As\u00ed, se puede afirmar que el concierto de Love of Lesbian no tuvo impacto en la transmisi\u00f3n del Covid, y eso son muy buenas noticias. Buenas noticias porque otras comunidades se est\u00e1n planteando la posibilidad de llevar a cabo iniciativas similares. De esta forma, el sector del entretenimiento podr\u00e1 reactivarse paulitanamente a lo largo de la geograf\u00eda espa\u00f1ola, de una forma segura. Es importante recordar que este evento se realiz\u00f3 siguiendo estrictas medidas sanitarias, realizando test de ant\u00edgenos a todos los participantes. De los casi 5.000 participantes, 6 personas dieron positivo en la prueba y no pudieron acudir al evento. El resto de personas que si acudieron recibieron el debido seguimiento y un mes despu\u00e9s los resultados son alentadores.<\/p>\n<p>Desde <a href=\"https:\/\/www.questionna.com\">Questionna<\/a> tambi\u00e9n queremos destacar la importancia que tiene esta noticia. Ojal\u00e1 este concierto piloto abra la lata de otros muchos espect\u00e1culos, sirva de altavoz para el sector del entretenimiento y pronto vuelva a la normalidad. <strong>La cultura es segura<\/strong>, y con la responsabilidad de todos seguro que podremos volver a la normalidad lo antes posible.<\/p>\n","protected":false},"excerpt":{"rendered":"<p>En el d\u00eda de hoy se han dado a conocer los resultados del proyecto\u00a0Festivals per la Cultura Segura. El evento realizado el 27 de marzo consist\u00eda en un concierto-piloto de Love Of Lesbian\u00a0celebrado en el\u00a0Palau Sant Jordi. La organizaci\u00f3n ha emitido un comunicado afirmando que el concierto de Love of Lesbian no tuvo impacto en [&hellip;]<\/p>\n","protected":false},"author":6,"featured_media":450,"comment_status":"open","ping_status":"open","sticky":false,"template":"","format":"standard","meta":{"footnotes":""},"categories":[23],"tags":[11,12,43,71,99,44,13,16,45,51,47,52],"class_list":["post-449","post","type-post","status-publish","format-standard","has-post-thumbnail","hentry","category-noticias","tag-artista","tag-artistas","tag-conciertos","tag-covid-y-conciertos","tag-cultura","tag-derecho","tag-derecho-del-entretenimiento","tag-entretenimiento","tag-festivales","tag-musica-en-directo","tag-salas","tag-salas-de-musica"],"yoast_head":"<!-- This site is optimized with the Yoast SEO plugin v27.5 - https:\/\/yoast.com\/product\/yoast-seo-wordpress\/ -->\n<title>El concierto de Love of Lesbian no tuvo impacto en la transmisi\u00f3n del Covid - Questionna<\/title>\n<meta name=\"robots\" content=\"index, follow, max-snippet:-1, max-image-preview:large, max-video-preview:-1\" \/>\n<link rel=\"canonical\" href=\"https:\/\/questionna.com\/blog\/el-concierto-de-love-of-lesbian-no-tuvo-impacto-en-la-transmision-del-covid\/\" \/>\n<meta property=\"og:locale\" content=\"en_US\" \/>\n<meta property=\"og:type\" content=\"article\" \/>\n<meta property=\"og:title\" content=\"El concierto de Love of Lesbian no tuvo impacto en la transmisi\u00f3n del Covid - Questionna\" \/>\n<meta property=\"og:description\" content=\"En el d\u00eda de hoy se han dado a conocer los resultados del proyecto\u00a0Festivals per la Cultura Segura. El evento realizado el 27 de marzo consist\u00eda en un concierto-piloto de Love Of Lesbian\u00a0celebrado en el\u00a0Palau Sant Jordi. La organizaci\u00f3n ha emitido un comunicado afirmando que el concierto de Love of Lesbian no tuvo impacto en [&hellip;]\" \/>\n<meta property=\"og:url\" content=\"https:\/\/questionna.com\/blog\/el-concierto-de-love-of-lesbian-no-tuvo-impacto-en-la-transmision-del-covid\/\" \/>\n<meta property=\"og:site_name\" content=\"Questionna\" \/>\n<meta property=\"article:published_time\" content=\"2021-04-27T15:07:50+00:00\" \/>\n<meta property=\"og:image\" content=\"https:\/\/questionna.com\/wp-content\/uploads\/2021\/04\/1-1.png\" \/>\n\t<meta property=\"og:image:width\" content=\"1080\" \/>\n\t<meta property=\"og:image:height\" content=\"1080\" \/>\n\t<meta property=\"og:image:type\" content=\"image\/png\" \/>\n<meta name=\"author\" content=\"Questionna\" \/>\n<meta name=\"twitter:card\" content=\"summary_large_image\" \/>\n<meta name=\"twitter:label1\" content=\"Written by\" \/>\n\t<meta name=\"twitter:data1\" content=\"Questionna\" \/>\n\t<meta name=\"twitter:label2\" content=\"Est. reading time\" \/>\n\t<meta name=\"twitter:data2\" content=\"2 minutes\" \/>\n<script type=\"application\/ld+json\" class=\"yoast-schema-graph\">{\"@context\":\"https:\\\/\\\/schema.org\",\"@graph\":[{\"@type\":\"Article\",\"@id\":\"https:\\\/\\\/questionna.com\\\/blog\\\/el-concierto-de-love-of-lesbian-no-tuvo-impacto-en-la-transmision-del-covid\\\/#article\",\"isPartOf\":{\"@id\":\"https:\\\/\\\/questionna.com\\\/blog\\\/el-concierto-de-love-of-lesbian-no-tuvo-impacto-en-la-transmision-del-covid\\\/\"},\"author\":{\"name\":\"Questionna\",\"@id\":\"https:\\\/\\\/questionna.com\\\/#\\\/schema\\\/person\\\/a3135a1b892dc1a8da7a77027c3f6029\"},\"headline\":\"El concierto de Love of Lesbian no tuvo impacto en la transmisi\u00f3n del Covid\",\"datePublished\":\"2021-04-27T15:07:50+00:00\",\"mainEntityOfPage\":{\"@id\":\"https:\\\/\\\/questionna.com\\\/blog\\\/el-concierto-de-love-of-lesbian-no-tuvo-impacto-en-la-transmision-del-covid\\\/\"},\"wordCount\":326,\"commentCount\":0,\"publisher\":{\"@id\":\"https:\\\/\\\/questionna.com\\\/#organization\"},\"image\":{\"@id\":\"https:\\\/\\\/questionna.com\\\/blog\\\/el-concierto-de-love-of-lesbian-no-tuvo-impacto-en-la-transmision-del-covid\\\/#primaryimage\"},\"thumbnailUrl\":\"https:\\\/\\\/questionna.com\\\/wp-content\\\/uploads\\\/2021\\\/04\\\/1-1.png\",\"keywords\":[\"artista\",\"artistas\",\"conciertos\",\"covid y conciertos\",\"cultura\",\"derecho\",\"Derecho del entretenimiento\",\"entretenimiento\",\"festivales\",\"m\u00fasica en directo\",\"salas\",\"salas de m\u00fasica\"],\"articleSection\":[\"Noticias\"],\"inLanguage\":\"en-US\",\"potentialAction\":[{\"@type\":\"CommentAction\",\"name\":\"Comment\",\"target\":[\"https:\\\/\\\/questionna.com\\\/blog\\\/el-concierto-de-love-of-lesbian-no-tuvo-impacto-en-la-transmision-del-covid\\\/#respond\"]}]},{\"@type\":\"WebPage\",\"@id\":\"https:\\\/\\\/questionna.com\\\/blog\\\/el-concierto-de-love-of-lesbian-no-tuvo-impacto-en-la-transmision-del-covid\\\/\",\"url\":\"https:\\\/\\\/questionna.com\\\/blog\\\/el-concierto-de-love-of-lesbian-no-tuvo-impacto-en-la-transmision-del-covid\\\/\",\"name\":\"El concierto de Love of Lesbian no tuvo impacto en la transmisi\u00f3n del Covid - Questionna\",\"isPartOf\":{\"@id\":\"https:\\\/\\\/questionna.com\\\/#website\"},\"primaryImageOfPage\":{\"@id\":\"https:\\\/\\\/questionna.com\\\/blog\\\/el-concierto-de-love-of-lesbian-no-tuvo-impacto-en-la-transmision-del-covid\\\/#primaryimage\"},\"image\":{\"@id\":\"https:\\\/\\\/questionna.com\\\/blog\\\/el-concierto-de-love-of-lesbian-no-tuvo-impacto-en-la-transmision-del-covid\\\/#primaryimage\"},\"thumbnailUrl\":\"https:\\\/\\\/questionna.com\\\/wp-content\\\/uploads\\\/2021\\\/04\\\/1-1.png\",\"datePublished\":\"2021-04-27T15:07:50+00:00\",\"breadcrumb\":{\"@id\":\"https:\\\/\\\/questionna.com\\\/blog\\\/el-concierto-de-love-of-lesbian-no-tuvo-impacto-en-la-transmision-del-covid\\\/#breadcrumb\"},\"inLanguage\":\"en-US\",\"potentialAction\":[{\"@type\":\"ReadAction\",\"target\":[\"https:\\\/\\\/questionna.com\\\/blog\\\/el-concierto-de-love-of-lesbian-no-tuvo-impacto-en-la-transmision-del-covid\\\/\"]}]},{\"@type\":\"ImageObject\",\"inLanguage\":\"en-US\",\"@id\":\"https:\\\/\\\/questionna.com\\\/blog\\\/el-concierto-de-love-of-lesbian-no-tuvo-impacto-en-la-transmision-del-covid\\\/#primaryimage\",\"url\":\"https:\\\/\\\/questionna.com\\\/wp-content\\\/uploads\\\/2021\\\/04\\\/1-1.png\",\"contentUrl\":\"https:\\\/\\\/questionna.com\\\/wp-content\\\/uploads\\\/2021\\\/04\\\/1-1.png\",\"width\":1080,\"height\":1080},{\"@type\":\"BreadcrumbList\",\"@id\":\"https:\\\/\\\/questionna.com\\\/blog\\\/el-concierto-de-love-of-lesbian-no-tuvo-impacto-en-la-transmision-del-covid\\\/#breadcrumb\",\"itemListElement\":[{\"@type\":\"ListItem\",\"position\":1,\"name\":\"Home\",\"item\":\"https:\\\/\\\/questionna.com\\\/en\\\/\"},{\"@type\":\"ListItem\",\"position\":2,\"name\":\"Noticias\",\"item\":\"https:\\\/\\\/questionna.com\\\/blog\\\/category\\\/noticias\\\/\"},{\"@type\":\"ListItem\",\"position\":3,\"name\":\"El concierto de Love of Lesbian no tuvo impacto en la transmisi\u00f3n del Covid\"}]},{\"@type\":\"WebSite\",\"@id\":\"https:\\\/\\\/questionna.com\\\/#website\",\"url\":\"https:\\\/\\\/questionna.com\\\/\",\"name\":\"Questionna\",\"description\":\"Derecho del Entretenimiento\",\"publisher\":{\"@id\":\"https:\\\/\\\/questionna.com\\\/#organization\"},\"potentialAction\":[{\"@type\":\"SearchAction\",\"target\":{\"@type\":\"EntryPoint\",\"urlTemplate\":\"https:\\\/\\\/questionna.com\\\/?s={search_term_string}\"},\"query-input\":{\"@type\":\"PropertyValueSpecification\",\"valueRequired\":true,\"valueName\":\"search_term_string\"}}],\"inLanguage\":\"en-US\"},{\"@type\":\"Organization\",\"@id\":\"https:\\\/\\\/questionna.com\\\/#organization\",\"name\":\"Questionna\",\"url\":\"https:\\\/\\\/questionna.com\\\/\",\"logo\":{\"@type\":\"ImageObject\",\"inLanguage\":\"en-US\",\"@id\":\"https:\\\/\\\/questionna.com\\\/#\\\/schema\\\/logo\\\/image\\\/\",\"url\":\"https:\\\/\\\/questionna.com\\\/wp-content\\\/uploads\\\/2023\\\/06\\\/logo_questionna.svg\",\"contentUrl\":\"https:\\\/\\\/questionna.com\\\/wp-content\\\/uploads\\\/2023\\\/06\\\/logo_questionna.svg\",\"width\":431,\"height\":53,\"caption\":\"Questionna\"},\"image\":{\"@id\":\"https:\\\/\\\/questionna.com\\\/#\\\/schema\\\/logo\\\/image\\\/\"}},{\"@type\":\"Person\",\"@id\":\"https:\\\/\\\/questionna.com\\\/#\\\/schema\\\/person\\\/a3135a1b892dc1a8da7a77027c3f6029\",\"name\":\"Questionna\",\"image\":{\"@type\":\"ImageObject\",\"inLanguage\":\"en-US\",\"@id\":\"https:\\\/\\\/secure.gravatar.com\\\/avatar\\\/75c46a9f974ccfe7b33da8dfea40fe71bd5e295fcc51ff869bf2c49627d54934?s=96&d=mm&r=g\",\"url\":\"https:\\\/\\\/secure.gravatar.com\\\/avatar\\\/75c46a9f974ccfe7b33da8dfea40fe71bd5e295fcc51ff869bf2c49627d54934?s=96&d=mm&r=g\",\"contentUrl\":\"https:\\\/\\\/secure.gravatar.com\\\/avatar\\\/75c46a9f974ccfe7b33da8dfea40fe71bd5e295fcc51ff869bf2c49627d54934?s=96&d=mm&r=g\",\"caption\":\"Questionna\"},\"url\":\"https:\\\/\\\/questionna.com\\\/en\\\/blog\\\/author\\\/viktor\\\/\"}]}<\/script>\n<!-- \/ Yoast SEO plugin. -->","yoast_head_json":{"title":"El concierto de Love of Lesbian no tuvo impacto en la transmisi\u00f3n del Covid - Questionna","robots":{"index":"index","follow":"follow","max-snippet":"max-snippet:-1","max-image-preview":"max-image-preview:large","max-video-preview":"max-video-preview:-1"},"canonical":"https:\/\/questionna.com\/blog\/el-concierto-de-love-of-lesbian-no-tuvo-impacto-en-la-transmision-del-covid\/","og_locale":"en_US","og_type":"article","og_title":"El concierto de Love of Lesbian no tuvo impacto en la transmisi\u00f3n del Covid - Questionna","og_description":"En el d\u00eda de hoy se han dado a conocer los resultados del proyecto\u00a0Festivals per la Cultura Segura. El evento realizado el 27 de marzo consist\u00eda en un concierto-piloto de Love Of Lesbian\u00a0celebrado en el\u00a0Palau Sant Jordi. La organizaci\u00f3n ha emitido un comunicado afirmando que el concierto de Love of Lesbian no tuvo impacto en [&hellip;]","og_url":"https:\/\/questionna.com\/blog\/el-concierto-de-love-of-lesbian-no-tuvo-impacto-en-la-transmision-del-covid\/","og_site_name":"Questionna","article_published_time":"2021-04-27T15:07:50+00:00","og_image":[{"width":1080,"height":1080,"url":"https:\/\/questionna.com\/wp-content\/uploads\/2021\/04\/1-1.png","type":"image\/png"}],"author":"Questionna","twitter_card":"summary_large_image","twitter_misc":{"Written by":"Questionna","Est. reading time":"2 minutes"},"schema":{"@context":"https:\/\/schema.org","@graph":[{"@type":"Article","@id":"https:\/\/questionna.com\/blog\/el-concierto-de-love-of-lesbian-no-tuvo-impacto-en-la-transmision-del-covid\/#article","isPartOf":{"@id":"https:\/\/questionna.com\/blog\/el-concierto-de-love-of-lesbian-no-tuvo-impacto-en-la-transmision-del-covid\/"},"author":{"name":"Questionna","@id":"https:\/\/questionna.com\/#\/schema\/person\/a3135a1b892dc1a8da7a77027c3f6029"},"headline":"El concierto de Love of Lesbian no tuvo impacto en la transmisi\u00f3n del Covid","datePublished":"2021-04-27T15:07:50+00:00","mainEntityOfPage":{"@id":"https:\/\/questionna.com\/blog\/el-concierto-de-love-of-lesbian-no-tuvo-impacto-en-la-transmision-del-covid\/"},"wordCount":326,"commentCount":0,"publisher":{"@id":"https:\/\/questionna.com\/#organization"},"image":{"@id":"https:\/\/questionna.com\/blog\/el-concierto-de-love-of-lesbian-no-tuvo-impacto-en-la-transmision-del-covid\/#primaryimage"},"thumbnailUrl":"https:\/\/questionna.com\/wp-content\/uploads\/2021\/04\/1-1.png","keywords":["artista","artistas","conciertos","covid y conciertos","cultura","derecho","Derecho del entretenimiento","entretenimiento","festivales","m\u00fasica en directo","salas","salas de m\u00fasica"],"articleSection":["Noticias"],"inLanguage":"en-US","potentialAction":[{"@type":"CommentAction","name":"Comment","target":["https:\/\/questionna.com\/blog\/el-concierto-de-love-of-lesbian-no-tuvo-impacto-en-la-transmision-del-covid\/#respond"]}]},{"@type":"WebPage","@id":"https:\/\/questionna.com\/blog\/el-concierto-de-love-of-lesbian-no-tuvo-impacto-en-la-transmision-del-covid\/","url":"https:\/\/questionna.com\/blog\/el-concierto-de-love-of-lesbian-no-tuvo-impacto-en-la-transmision-del-covid\/","name":"El concierto de Love of Lesbian no tuvo impacto en la transmisi\u00f3n del Covid - Questionna","isPartOf":{"@id":"https:\/\/questionna.com\/#website"},"primaryImageOfPage":{"@id":"https:\/\/questionna.com\/blog\/el-concierto-de-love-of-lesbian-no-tuvo-impacto-en-la-transmision-del-covid\/#primaryimage"},"image":{"@id":"https:\/\/questionna.com\/blog\/el-concierto-de-love-of-lesbian-no-tuvo-impacto-en-la-transmision-del-covid\/#primaryimage"},"thumbnailUrl":"https:\/\/questionna.com\/wp-content\/uploads\/2021\/04\/1-1.png","datePublished":"2021-04-27T15:07:50+00:00","breadcrumb":{"@id":"https:\/\/questionna.com\/blog\/el-concierto-de-love-of-lesbian-no-tuvo-impacto-en-la-transmision-del-covid\/#breadcrumb"},"inLanguage":"en-US","potentialAction":[{"@type":"ReadAction","target":["https:\/\/questionna.com\/blog\/el-concierto-de-love-of-lesbian-no-tuvo-impacto-en-la-transmision-del-covid\/"]}]},{"@type":"ImageObject","inLanguage":"en-US","@id":"https:\/\/questionna.com\/blog\/el-concierto-de-love-of-lesbian-no-tuvo-impacto-en-la-transmision-del-covid\/#primaryimage","url":"https:\/\/questionna.com\/wp-content\/uploads\/2021\/04\/1-1.png","contentUrl":"https:\/\/questionna.com\/wp-content\/uploads\/2021\/04\/1-1.png","width":1080,"height":1080},{"@type":"BreadcrumbList","@id":"https:\/\/questionna.com\/blog\/el-concierto-de-love-of-lesbian-no-tuvo-impacto-en-la-transmision-del-covid\/#breadcrumb","itemListElement":[{"@type":"ListItem","position":1,"name":"Home","item":"https:\/\/questionna.com\/en\/"},{"@type":"ListItem","position":2,"name":"Noticias","item":"https:\/\/questionna.com\/blog\/category\/noticias\/"},{"@type":"ListItem","position":3,"name":"El concierto de Love of Lesbian no tuvo impacto en la transmisi\u00f3n del Covid"}]},{"@type":"WebSite","@id":"https:\/\/questionna.com\/#website","url":"https:\/\/questionna.com\/","name":"Questionna","description":"Derecho del Entretenimiento","publisher":{"@id":"https:\/\/questionna.com\/#organization"},"potentialAction":[{"@type":"SearchAction","target":{"@type":"EntryPoint","urlTemplate":"https:\/\/questionna.com\/?s={search_term_string}"},"query-input":{"@type":"PropertyValueSpecification","valueRequired":true,"valueName":"search_term_string"}}],"inLanguage":"en-US"},{"@type":"Organization","@id":"https:\/\/questionna.com\/#organization","name":"Questionna","url":"https:\/\/questionna.com\/","logo":{"@type":"ImageObject","inLanguage":"en-US","@id":"https:\/\/questionna.com\/#\/schema\/logo\/image\/","url":"https:\/\/questionna.com\/wp-content\/uploads\/2023\/06\/logo_questionna.svg","contentUrl":"https:\/\/questionna.com\/wp-content\/uploads\/2023\/06\/logo_questionna.svg","width":431,"height":53,"caption":"Questionna"},"image":{"@id":"https:\/\/questionna.com\/#\/schema\/logo\/image\/"}},{"@type":"Person","@id":"https:\/\/questionna.com\/#\/schema\/person\/a3135a1b892dc1a8da7a77027c3f6029","name":"Questionna","image":{"@type":"ImageObject","inLanguage":"en-US","@id":"https:\/\/secure.gravatar.com\/avatar\/75c46a9f974ccfe7b33da8dfea40fe71bd5e295fcc51ff869bf2c49627d54934?s=96&d=mm&r=g","url":"https:\/\/secure.gravatar.com\/avatar\/75c46a9f974ccfe7b33da8dfea40fe71bd5e295fcc51ff869bf2c49627d54934?s=96&d=mm&r=g","contentUrl":"https:\/\/secure.gravatar.com\/avatar\/75c46a9f974ccfe7b33da8dfea40fe71bd5e295fcc51ff869bf2c49627d54934?s=96&d=mm&r=g","caption":"Questionna"},"url":"https:\/\/questionna.com\/en\/blog\/author\/viktor\/"}]}},"_links":{"self":[{"href":"https:\/\/questionna.com\/en\/wp-json\/wp\/v2\/posts\/449","targetHints":{"allow":["GET"]}}],"collection":[{"href":"https:\/\/questionna.com\/en\/wp-json\/wp\/v2\/posts"}],"about":[{"href":"https:\/\/questionna.com\/en\/wp-json\/wp\/v2\/types\/post"}],"author":[{"embeddable":true,"href":"https:\/\/questionna.com\/en\/wp-json\/wp\/v2\/users\/6"}],"replies":[{"embeddable":true,"href":"https:\/\/questionna.com\/en\/wp-json\/wp\/v2\/comments?post=449"}],"version-history":[{"count":0,"href":"https:\/\/questionna.com\/en\/wp-json\/wp\/v2\/posts\/449\/revisions"}],"wp:featuredmedia":[{"embeddable":true,"href":"https:\/\/questionna.com\/en\/wp-json\/wp\/v2\/media\/450"}],"wp:attachment":[{"href":"https:\/\/questionna.com\/en\/wp-json\/wp\/v2\/media?parent=449"}],"wp:term":[{"taxonomy":"category","embeddable":true,"href":"https:\/\/questionna.com\/en\/wp-json\/wp\/v2\/categories?post=449"},{"taxonomy":"post_tag","embeddable":true,"href":"https:\/\/questionna.com\/en\/wp-json\/wp\/v2\/tags?post=449"}],"curies":[{"name":"wp","href":"https:\/\/api.w.org\/{rel}","templated":true}]}}