{"id":360,"date":"2020-11-16T07:00:13","date_gmt":"2020-11-16T05:00:13","guid":{"rendered":"https:\/\/questionna.com\/2020\/11\/16\/como-gestionar-el-iva-en-tu-comercio-electronico\/"},"modified":"2020-11-16T07:00:13","modified_gmt":"2020-11-16T05:00:13","slug":"como-gestionar-el-iva-en-tu-comercio-electronico","status":"publish","type":"post","link":"https:\/\/questionna.com\/en\/blog\/como-gestionar-el-iva-en-tu-comercio-electronico\/","title":{"rendered":"C\u00f3mo aplicar el IVA en tu comercio electr\u00f3nico"},"content":{"rendered":"<p>Hace ya casi un mes habl\u00e1bamos de <a href=\"https:\/\/www.questionna.com\/derecho-del-entretenimiento-la-marca-en-un-contexto-digital\/\">la importancia de la marca en un contexto digital<\/a>. Es importante cuidar nuestra <!--more-->marca, entre otras cosas, para proteger y aumentar nuestra facturaci\u00f3n. La crisis del COVID ha dejado claro que el comercio electr\u00f3nico ha soportado mejor el envite o incluso ha mejorado su situaci\u00f3n. Si est\u00e1s leyendo esto es porque quiz\u00e1s tengas un comercio electr\u00f3nico, has cuidado tu marca y has visto protegida tu facturaci\u00f3n o inclusa aumentada. Entonces, lo siguiente de lo que debes preocuparte es la fiscalidad de tu ecommerce: <strong>\u00bfEst\u00e1s tributando correctamente?<\/strong> Hoy queremos dedicar unos minutos a repasar como aplicar el IVA en nuestro comercio electr\u00f3nico, ya se trate de productos o servicios.<\/p>\n<h2><strong>\u00bfQu\u00e9 es el IVA y c\u00f3mo funciona?<\/strong><\/h2>\n<p>Empezando por lo b\u00e1sico, el IVA es el Impuesto sobre el Valor A\u00f1adido. Un impuesto indirecto que grava el consumo. Es indirecto porque no est\u00e1 directamente relacionado con lo que posees o ingresas, si no con lo que consumes. El que compra un producto o recibe un servicio soporta el IVA. Mientras que el que vende un producto o presta un servicio repercute el IVA al consumidor que lo soporta, pero no se lo queda, lo ingresa en Hacienda trimestralmente. Entonces, el consumidor est\u00e1 obligado a soportar (pagar) el IVA y las empresa o aut\u00f3nomos est\u00e1n obligado a repercutir (cobrar) el IVA e ingresarlo en Hacienda. La cosa, sin embargo, se complica al introducir distintos tipos de IVA a aplicar y sobre todo cuando entra en juego la regla de localizaci\u00f3n.<\/p>\n<h2><strong>\u00bfCu\u00e1les son los tipos de IVA que existen?<\/strong><\/h2>\n<p>En la <a href=\"https:\/\/europa.eu\/youreurope\/business\/taxation\/vat\/vat-rules-rates\/index_es.htm\">Uni\u00f3n Europea<\/a> existen tres tipos de IVA:<\/p>\n<ol>\n<li>El tipo de <strong>IVA normal<\/strong> o est\u00e1ndar: Cada pa\u00eds de la UE tiene un tipo normal que se aplica al suministro de la mayor\u00eda de los bienes y servicios. Este tipo no puede ser inferior al 15%. En Espa\u00f1a es el 21%.<\/li>\n<li>El tipo de <strong>IVA reducido<\/strong>: Pueden aplicarse uno o dos tipos reducidos al suministro de bienes y servicios espec\u00edficos. No pueden ser inferiores al 5% y en la mayor\u00eda de los casos no aplica en comercio electr\u00f3nico. En Espa\u00f1a es el 10%.<\/li>\n<li>Tipos de <strong>IVA especiales<\/strong>: Algunos pa\u00edses de la UE est\u00e1n autorizados a aplicar tipos especiales de IVA a determinados suministros. Tipo superreducido, tipo cero o tipo parking son tres ejemplos de estos tipos de IVA especiales en los que no conviene profundizar ahora.<\/li>\n<\/ol>\n<h2><strong>\u00bfCu\u00e1ndo y d\u00f3nde aplicar el IVA en comercio electr\u00f3nico?<\/strong><\/h2>\n<p>Para saber si se debe aplicar el IVA o no hay que responder a dos preguntas (que en realidad son 3).<\/p>\n<p><u>\u00bf<strong>A qui\u00e9n se vende<\/strong> el producto o se presta el servicio?<\/u><\/p>\n<p>Hay que distinguir entre comprador empresario y comprador usuario final, porque esto puede marcar la diferencia. Si un empresario comunitario adquiere un producto en tu web, el empresario liquidar\u00e1 el IVA en su pa\u00eds. Si se trata de un particular, por regla general, deber\u00e1s liquidarlo t\u00fa en Espa\u00f1a, aunque hay especialidades.<\/p>\n<p><u>\u00bf<strong>D\u00f3nde se vende<\/strong> el producto o se presta el servicio?<\/u><\/p>\n<p>Aqu\u00ed entra en juego lo mencionado anteriormente: la regla de localizaci\u00f3n. Aplicar el IVA o no aplicarlo depender\u00e1 de d\u00f3nde se venda el producto o se preste el servicio. Si tienes una ferreter\u00eda en Madrid y vendes un destornillador, el lugar de realizaci\u00f3n de la operaci\u00f3n es Madrid, sin duda. Sin embargo, en el comercio electr\u00f3nico esto puede llegar a complicarse algo m\u00e1s. Lo que ayuda a esclarecer estas situaciones confusas son las reglas de localizaci\u00f3n. Para tener clara la aplicaci\u00f3n de estas reglas de localizaci\u00f3n hay que hacerse una tercera pregunta: \u00bf<strong>Qu\u00e9 se vende<\/strong>, un producto o un servicio? La Agencia Tributaria ha lanzado una <a href=\"https:\/\/www2.agenciatributaria.gob.es\/soporteaeat\/Formularios.nsf\/Localizador\">herramienta de localizaci\u00f3n<\/a> que ayuda a aplicar estas reglas.<\/p>\n<p>Teniendo clara la respuesta a estas dos preguntas, determinaremos cu\u00e1ndo y d\u00f3nde aplicar el IVA.<\/p>\n<p><strong>Si el que compra no es cliente final<\/strong> o es empresario o profesional, pueden darse distintas situaciones:<\/p>\n<ol>\n<li>Que el comprador empresario o profesional tenga su <strong>residencia en Espa\u00f1a<\/strong>: la operaci\u00f3n est\u00e1 <strong>sujeta a IVA.<\/strong><\/li>\n<li>Que el comprador empresario o profesional tenga su <strong>residencia en otro pa\u00eds de la Uni\u00f3n Europea que no sea Espa\u00f1a<\/strong>: la operaci\u00f3n <strong>no est\u00e1 sujeta a IVA<\/strong> en Espa\u00f1a. El comprador deber\u00e1 liquidar el IVA en su pa\u00eds.<\/li>\n<li>Que el comprador empresario o profesional tenga su <strong>residencia fuera de la Uni\u00f3n Europea:<\/strong> Aqu\u00ed sucede lo mismo, la operaci\u00f3n <strong>no est\u00e1 sujeta a IVA<\/strong>. El comprador empresario deber\u00e1 liquidar el IVA en su pa\u00eds.<\/li>\n<\/ol>\n<p><strong>Si el que compra es cliente final<\/strong> o consumidor final, las situaciones son las mismas pero las consecuencias var\u00edan:<\/p>\n<ol>\n<li>Que el consumidor final tenga su <strong>residencia en Espa\u00f1a:<\/strong> La operaci\u00f3n est\u00e1 <strong>sujeta a IVA.<\/strong><\/li>\n<li>Que el consumidor final tenga su <strong>residencia en otro pa\u00eds de la Uni\u00f3n Europea que no sea Espa\u00f1a<\/strong>: La regla general es la de tributaci\u00f3n en origen. La operaci\u00f3n <strong>estar\u00e1 sujeta a IVA, aunque existen especialidades<\/strong>. Esta regla no operar\u00e1 si las ventas superan unos l\u00edmites establecidos, o si el vendedor decide tributar en destino.<\/li>\n<li>Que el consumidor final tenga su <strong>residencia fuera de la Uni\u00f3n Europea<\/strong>: Estas operaciones <strong>no estar\u00e1n sujetas a IVA.<\/strong><\/li>\n<\/ol>\n<p>Si quieres saber m\u00e1s sobre c\u00f3mo aplicar el IVA en tu comercio electr\u00f3nico, no dudes en <a href=\"https:\/\/www.questionna.com\/#contacto\">contactarnos<\/a>.<\/p>\n","protected":false},"excerpt":{"rendered":"<p>Hace ya casi un mes habl\u00e1bamos de la importancia de la marca en un contexto digital. Es importante cuidar nuestra<\/p>\n","protected":false},"author":6,"featured_media":361,"comment_status":"open","ping_status":"open","sticky":false,"template":"","format":"standard","meta":{"footnotes":""},"categories":[8,48],"tags":[],"class_list":["post-360","post","type-post","status-publish","format-standard","has-post-thumbnail","hentry","category-derecho-del-entretenimiento","category-fiscalidad"],"yoast_head":"<!-- This site is optimized with the Yoast SEO plugin v27.5 - https:\/\/yoast.com\/product\/yoast-seo-wordpress\/ -->\n<title>C\u00f3mo aplicar el IVA en tu comercio electr\u00f3nico - Questionna<\/title>\n<meta name=\"robots\" content=\"index, follow, max-snippet:-1, max-image-preview:large, max-video-preview:-1\" \/>\n<link rel=\"canonical\" href=\"https:\/\/questionna.com\/blog\/como-gestionar-el-iva-en-tu-comercio-electronico\/\" \/>\n<meta property=\"og:locale\" content=\"en_US\" \/>\n<meta property=\"og:type\" content=\"article\" \/>\n<meta property=\"og:title\" content=\"C\u00f3mo aplicar el IVA en tu comercio electr\u00f3nico - Questionna\" \/>\n<meta property=\"og:description\" content=\"Hace ya casi un mes habl\u00e1bamos de la importancia de la marca en un contexto digital. Es importante cuidar nuestra\" \/>\n<meta property=\"og:url\" content=\"https:\/\/questionna.com\/blog\/como-gestionar-el-iva-en-tu-comercio-electronico\/\" \/>\n<meta property=\"og:site_name\" content=\"Questionna\" \/>\n<meta property=\"article:published_time\" content=\"2020-11-16T05:00:13+00:00\" \/>\n<meta property=\"og:image\" content=\"https:\/\/questionna.com\/wp-content\/uploads\/2020\/11\/ecommerce.jpeg\" \/>\n\t<meta property=\"og:image:width\" content=\"1772\" \/>\n\t<meta property=\"og:image:height\" content=\"1169\" \/>\n\t<meta property=\"og:image:type\" content=\"image\/jpeg\" \/>\n<meta name=\"author\" content=\"Questionna\" \/>\n<meta name=\"twitter:card\" content=\"summary_large_image\" \/>\n<meta name=\"twitter:label1\" content=\"Written by\" \/>\n\t<meta name=\"twitter:data1\" content=\"Questionna\" \/>\n\t<meta name=\"twitter:label2\" content=\"Est. reading time\" \/>\n\t<meta name=\"twitter:data2\" content=\"5 minutes\" \/>\n<script type=\"application\/ld+json\" class=\"yoast-schema-graph\">{\"@context\":\"https:\\\/\\\/schema.org\",\"@graph\":[{\"@type\":\"Article\",\"@id\":\"https:\\\/\\\/questionna.com\\\/blog\\\/como-gestionar-el-iva-en-tu-comercio-electronico\\\/#article\",\"isPartOf\":{\"@id\":\"https:\\\/\\\/questionna.com\\\/blog\\\/como-gestionar-el-iva-en-tu-comercio-electronico\\\/\"},\"author\":{\"name\":\"Questionna\",\"@id\":\"https:\\\/\\\/questionna.com\\\/#\\\/schema\\\/person\\\/a3135a1b892dc1a8da7a77027c3f6029\"},\"headline\":\"C\u00f3mo aplicar el IVA en tu comercio electr\u00f3nico\",\"datePublished\":\"2020-11-16T05:00:13+00:00\",\"mainEntityOfPage\":{\"@id\":\"https:\\\/\\\/questionna.com\\\/blog\\\/como-gestionar-el-iva-en-tu-comercio-electronico\\\/\"},\"wordCount\":940,\"commentCount\":0,\"publisher\":{\"@id\":\"https:\\\/\\\/questionna.com\\\/#organization\"},\"image\":{\"@id\":\"https:\\\/\\\/questionna.com\\\/blog\\\/como-gestionar-el-iva-en-tu-comercio-electronico\\\/#primaryimage\"},\"thumbnailUrl\":\"https:\\\/\\\/questionna.com\\\/wp-content\\\/uploads\\\/2020\\\/11\\\/ecommerce.jpeg\",\"articleSection\":[\"Derecho del Entretenimiento\",\"Fiscalidad\"],\"inLanguage\":\"en-US\",\"potentialAction\":[{\"@type\":\"CommentAction\",\"name\":\"Comment\",\"target\":[\"https:\\\/\\\/questionna.com\\\/blog\\\/como-gestionar-el-iva-en-tu-comercio-electronico\\\/#respond\"]}]},{\"@type\":\"WebPage\",\"@id\":\"https:\\\/\\\/questionna.com\\\/blog\\\/como-gestionar-el-iva-en-tu-comercio-electronico\\\/\",\"url\":\"https:\\\/\\\/questionna.com\\\/blog\\\/como-gestionar-el-iva-en-tu-comercio-electronico\\\/\",\"name\":\"C\u00f3mo aplicar el IVA en tu comercio electr\u00f3nico - Questionna\",\"isPartOf\":{\"@id\":\"https:\\\/\\\/questionna.com\\\/#website\"},\"primaryImageOfPage\":{\"@id\":\"https:\\\/\\\/questionna.com\\\/blog\\\/como-gestionar-el-iva-en-tu-comercio-electronico\\\/#primaryimage\"},\"image\":{\"@id\":\"https:\\\/\\\/questionna.com\\\/blog\\\/como-gestionar-el-iva-en-tu-comercio-electronico\\\/#primaryimage\"},\"thumbnailUrl\":\"https:\\\/\\\/questionna.com\\\/wp-content\\\/uploads\\\/2020\\\/11\\\/ecommerce.jpeg\",\"datePublished\":\"2020-11-16T05:00:13+00:00\",\"breadcrumb\":{\"@id\":\"https:\\\/\\\/questionna.com\\\/blog\\\/como-gestionar-el-iva-en-tu-comercio-electronico\\\/#breadcrumb\"},\"inLanguage\":\"en-US\",\"potentialAction\":[{\"@type\":\"ReadAction\",\"target\":[\"https:\\\/\\\/questionna.com\\\/blog\\\/como-gestionar-el-iva-en-tu-comercio-electronico\\\/\"]}]},{\"@type\":\"ImageObject\",\"inLanguage\":\"en-US\",\"@id\":\"https:\\\/\\\/questionna.com\\\/blog\\\/como-gestionar-el-iva-en-tu-comercio-electronico\\\/#primaryimage\",\"url\":\"https:\\\/\\\/questionna.com\\\/wp-content\\\/uploads\\\/2020\\\/11\\\/ecommerce.jpeg\",\"contentUrl\":\"https:\\\/\\\/questionna.com\\\/wp-content\\\/uploads\\\/2020\\\/11\\\/ecommerce.jpeg\",\"width\":1772,\"height\":1169,\"caption\":\"Manager working on a laptop while sitting at a desk in a carpet warehouse with shelves of stock in the background\"},{\"@type\":\"BreadcrumbList\",\"@id\":\"https:\\\/\\\/questionna.com\\\/blog\\\/como-gestionar-el-iva-en-tu-comercio-electronico\\\/#breadcrumb\",\"itemListElement\":[{\"@type\":\"ListItem\",\"position\":1,\"name\":\"Home\",\"item\":\"https:\\\/\\\/questionna.com\\\/en\\\/\"},{\"@type\":\"ListItem\",\"position\":2,\"name\":\"Derecho del Entretenimiento\",\"item\":\"https:\\\/\\\/questionna.com\\\/blog\\\/category\\\/blog\\\/derecho-del-entretenimiento\\\/\"},{\"@type\":\"ListItem\",\"position\":3,\"name\":\"C\u00f3mo aplicar el IVA en tu comercio electr\u00f3nico\"}]},{\"@type\":\"WebSite\",\"@id\":\"https:\\\/\\\/questionna.com\\\/#website\",\"url\":\"https:\\\/\\\/questionna.com\\\/\",\"name\":\"Questionna\",\"description\":\"Derecho del Entretenimiento\",\"publisher\":{\"@id\":\"https:\\\/\\\/questionna.com\\\/#organization\"},\"potentialAction\":[{\"@type\":\"SearchAction\",\"target\":{\"@type\":\"EntryPoint\",\"urlTemplate\":\"https:\\\/\\\/questionna.com\\\/?s={search_term_string}\"},\"query-input\":{\"@type\":\"PropertyValueSpecification\",\"valueRequired\":true,\"valueName\":\"search_term_string\"}}],\"inLanguage\":\"en-US\"},{\"@type\":\"Organization\",\"@id\":\"https:\\\/\\\/questionna.com\\\/#organization\",\"name\":\"Questionna\",\"url\":\"https:\\\/\\\/questionna.com\\\/\",\"logo\":{\"@type\":\"ImageObject\",\"inLanguage\":\"en-US\",\"@id\":\"https:\\\/\\\/questionna.com\\\/#\\\/schema\\\/logo\\\/image\\\/\",\"url\":\"https:\\\/\\\/questionna.com\\\/wp-content\\\/uploads\\\/2023\\\/06\\\/logo_questionna.svg\",\"contentUrl\":\"https:\\\/\\\/questionna.com\\\/wp-content\\\/uploads\\\/2023\\\/06\\\/logo_questionna.svg\",\"width\":431,\"height\":53,\"caption\":\"Questionna\"},\"image\":{\"@id\":\"https:\\\/\\\/questionna.com\\\/#\\\/schema\\\/logo\\\/image\\\/\"}},{\"@type\":\"Person\",\"@id\":\"https:\\\/\\\/questionna.com\\\/#\\\/schema\\\/person\\\/a3135a1b892dc1a8da7a77027c3f6029\",\"name\":\"Questionna\",\"image\":{\"@type\":\"ImageObject\",\"inLanguage\":\"en-US\",\"@id\":\"https:\\\/\\\/secure.gravatar.com\\\/avatar\\\/75c46a9f974ccfe7b33da8dfea40fe71bd5e295fcc51ff869bf2c49627d54934?s=96&d=mm&r=g\",\"url\":\"https:\\\/\\\/secure.gravatar.com\\\/avatar\\\/75c46a9f974ccfe7b33da8dfea40fe71bd5e295fcc51ff869bf2c49627d54934?s=96&d=mm&r=g\",\"contentUrl\":\"https:\\\/\\\/secure.gravatar.com\\\/avatar\\\/75c46a9f974ccfe7b33da8dfea40fe71bd5e295fcc51ff869bf2c49627d54934?s=96&d=mm&r=g\",\"caption\":\"Questionna\"},\"url\":\"https:\\\/\\\/questionna.com\\\/en\\\/blog\\\/author\\\/viktor\\\/\"}]}<\/script>\n<!-- \/ Yoast SEO plugin. -->","yoast_head_json":{"title":"C\u00f3mo aplicar el IVA en tu comercio electr\u00f3nico - Questionna","robots":{"index":"index","follow":"follow","max-snippet":"max-snippet:-1","max-image-preview":"max-image-preview:large","max-video-preview":"max-video-preview:-1"},"canonical":"https:\/\/questionna.com\/blog\/como-gestionar-el-iva-en-tu-comercio-electronico\/","og_locale":"en_US","og_type":"article","og_title":"C\u00f3mo aplicar el IVA en tu comercio electr\u00f3nico - Questionna","og_description":"Hace ya casi un mes habl\u00e1bamos de la importancia de la marca en un contexto digital. Es importante cuidar nuestra","og_url":"https:\/\/questionna.com\/blog\/como-gestionar-el-iva-en-tu-comercio-electronico\/","og_site_name":"Questionna","article_published_time":"2020-11-16T05:00:13+00:00","og_image":[{"width":1772,"height":1169,"url":"https:\/\/questionna.com\/wp-content\/uploads\/2020\/11\/ecommerce.jpeg","type":"image\/jpeg"}],"author":"Questionna","twitter_card":"summary_large_image","twitter_misc":{"Written by":"Questionna","Est. reading time":"5 minutes"},"schema":{"@context":"https:\/\/schema.org","@graph":[{"@type":"Article","@id":"https:\/\/questionna.com\/blog\/como-gestionar-el-iva-en-tu-comercio-electronico\/#article","isPartOf":{"@id":"https:\/\/questionna.com\/blog\/como-gestionar-el-iva-en-tu-comercio-electronico\/"},"author":{"name":"Questionna","@id":"https:\/\/questionna.com\/#\/schema\/person\/a3135a1b892dc1a8da7a77027c3f6029"},"headline":"C\u00f3mo aplicar el IVA en tu comercio electr\u00f3nico","datePublished":"2020-11-16T05:00:13+00:00","mainEntityOfPage":{"@id":"https:\/\/questionna.com\/blog\/como-gestionar-el-iva-en-tu-comercio-electronico\/"},"wordCount":940,"commentCount":0,"publisher":{"@id":"https:\/\/questionna.com\/#organization"},"image":{"@id":"https:\/\/questionna.com\/blog\/como-gestionar-el-iva-en-tu-comercio-electronico\/#primaryimage"},"thumbnailUrl":"https:\/\/questionna.com\/wp-content\/uploads\/2020\/11\/ecommerce.jpeg","articleSection":["Derecho del Entretenimiento","Fiscalidad"],"inLanguage":"en-US","potentialAction":[{"@type":"CommentAction","name":"Comment","target":["https:\/\/questionna.com\/blog\/como-gestionar-el-iva-en-tu-comercio-electronico\/#respond"]}]},{"@type":"WebPage","@id":"https:\/\/questionna.com\/blog\/como-gestionar-el-iva-en-tu-comercio-electronico\/","url":"https:\/\/questionna.com\/blog\/como-gestionar-el-iva-en-tu-comercio-electronico\/","name":"C\u00f3mo aplicar el IVA en tu comercio electr\u00f3nico - Questionna","isPartOf":{"@id":"https:\/\/questionna.com\/#website"},"primaryImageOfPage":{"@id":"https:\/\/questionna.com\/blog\/como-gestionar-el-iva-en-tu-comercio-electronico\/#primaryimage"},"image":{"@id":"https:\/\/questionna.com\/blog\/como-gestionar-el-iva-en-tu-comercio-electronico\/#primaryimage"},"thumbnailUrl":"https:\/\/questionna.com\/wp-content\/uploads\/2020\/11\/ecommerce.jpeg","datePublished":"2020-11-16T05:00:13+00:00","breadcrumb":{"@id":"https:\/\/questionna.com\/blog\/como-gestionar-el-iva-en-tu-comercio-electronico\/#breadcrumb"},"inLanguage":"en-US","potentialAction":[{"@type":"ReadAction","target":["https:\/\/questionna.com\/blog\/como-gestionar-el-iva-en-tu-comercio-electronico\/"]}]},{"@type":"ImageObject","inLanguage":"en-US","@id":"https:\/\/questionna.com\/blog\/como-gestionar-el-iva-en-tu-comercio-electronico\/#primaryimage","url":"https:\/\/questionna.com\/wp-content\/uploads\/2020\/11\/ecommerce.jpeg","contentUrl":"https:\/\/questionna.com\/wp-content\/uploads\/2020\/11\/ecommerce.jpeg","width":1772,"height":1169,"caption":"Manager working on a laptop while sitting at a desk in a carpet warehouse with shelves of stock in the background"},{"@type":"BreadcrumbList","@id":"https:\/\/questionna.com\/blog\/como-gestionar-el-iva-en-tu-comercio-electronico\/#breadcrumb","itemListElement":[{"@type":"ListItem","position":1,"name":"Home","item":"https:\/\/questionna.com\/en\/"},{"@type":"ListItem","position":2,"name":"Derecho del Entretenimiento","item":"https:\/\/questionna.com\/blog\/category\/blog\/derecho-del-entretenimiento\/"},{"@type":"ListItem","position":3,"name":"C\u00f3mo aplicar el IVA en tu comercio electr\u00f3nico"}]},{"@type":"WebSite","@id":"https:\/\/questionna.com\/#website","url":"https:\/\/questionna.com\/","name":"Questionna","description":"Derecho del Entretenimiento","publisher":{"@id":"https:\/\/questionna.com\/#organization"},"potentialAction":[{"@type":"SearchAction","target":{"@type":"EntryPoint","urlTemplate":"https:\/\/questionna.com\/?s={search_term_string}"},"query-input":{"@type":"PropertyValueSpecification","valueRequired":true,"valueName":"search_term_string"}}],"inLanguage":"en-US"},{"@type":"Organization","@id":"https:\/\/questionna.com\/#organization","name":"Questionna","url":"https:\/\/questionna.com\/","logo":{"@type":"ImageObject","inLanguage":"en-US","@id":"https:\/\/questionna.com\/#\/schema\/logo\/image\/","url":"https:\/\/questionna.com\/wp-content\/uploads\/2023\/06\/logo_questionna.svg","contentUrl":"https:\/\/questionna.com\/wp-content\/uploads\/2023\/06\/logo_questionna.svg","width":431,"height":53,"caption":"Questionna"},"image":{"@id":"https:\/\/questionna.com\/#\/schema\/logo\/image\/"}},{"@type":"Person","@id":"https:\/\/questionna.com\/#\/schema\/person\/a3135a1b892dc1a8da7a77027c3f6029","name":"Questionna","image":{"@type":"ImageObject","inLanguage":"en-US","@id":"https:\/\/secure.gravatar.com\/avatar\/75c46a9f974ccfe7b33da8dfea40fe71bd5e295fcc51ff869bf2c49627d54934?s=96&d=mm&r=g","url":"https:\/\/secure.gravatar.com\/avatar\/75c46a9f974ccfe7b33da8dfea40fe71bd5e295fcc51ff869bf2c49627d54934?s=96&d=mm&r=g","contentUrl":"https:\/\/secure.gravatar.com\/avatar\/75c46a9f974ccfe7b33da8dfea40fe71bd5e295fcc51ff869bf2c49627d54934?s=96&d=mm&r=g","caption":"Questionna"},"url":"https:\/\/questionna.com\/en\/blog\/author\/viktor\/"}]}},"_links":{"self":[{"href":"https:\/\/questionna.com\/en\/wp-json\/wp\/v2\/posts\/360","targetHints":{"allow":["GET"]}}],"collection":[{"href":"https:\/\/questionna.com\/en\/wp-json\/wp\/v2\/posts"}],"about":[{"href":"https:\/\/questionna.com\/en\/wp-json\/wp\/v2\/types\/post"}],"author":[{"embeddable":true,"href":"https:\/\/questionna.com\/en\/wp-json\/wp\/v2\/users\/6"}],"replies":[{"embeddable":true,"href":"https:\/\/questionna.com\/en\/wp-json\/wp\/v2\/comments?post=360"}],"version-history":[{"count":0,"href":"https:\/\/questionna.com\/en\/wp-json\/wp\/v2\/posts\/360\/revisions"}],"wp:featuredmedia":[{"embeddable":true,"href":"https:\/\/questionna.com\/en\/wp-json\/wp\/v2\/media\/361"}],"wp:attachment":[{"href":"https:\/\/questionna.com\/en\/wp-json\/wp\/v2\/media?parent=360"}],"wp:term":[{"taxonomy":"category","embeddable":true,"href":"https:\/\/questionna.com\/en\/wp-json\/wp\/v2\/categories?post=360"},{"taxonomy":"post_tag","embeddable":true,"href":"https:\/\/questionna.com\/en\/wp-json\/wp\/v2\/tags?post=360"}],"curies":[{"name":"wp","href":"https:\/\/api.w.org\/{rel}","templated":true}]}}